{"id":4519,"date":"2020-06-19T15:31:59","date_gmt":"2020-06-19T13:31:59","guid":{"rendered":"http:\/\/www.lippe-grundschule.de\/?p=4519"},"modified":"2020-06-23T18:57:16","modified_gmt":"2020-06-23T16:57:16","slug":"delbruecker-ranzen","status":"publish","type":"post","link":"http:\/\/www.lippe-grundschule.de\/?p=4519","title":{"rendered":"Delbr\u00fccker Ranzen"},"content":{"rendered":"\n<p class=\"has-normal-font-size\">In diesem schwierigen Jahr sind einige Familien \u00fcber die monatelange Kurzarbeit oder aus anderen Gr\u00fcnden in finanzielle Not geraten. <br>Das Orga-Team vom &#8222;Delbr\u00fccker Ranzen&#8220; hat sich dazu entschieden, auch in diesem Jahr durch die Schulmaterialausgabe diese Familien zu unterst\u00fctzen.  Alle Informationen dazu finden Sie dort: <a rel=\"noreferrer noopener\" href=\"http:\/\/www.lippe-grundschule.de\/wp-content\/uploads\/2020\/06\/CCF_000032.pdf\" target=\"_blank\">Materialausgabe Delbr\u00fccker Ranzen<\/a><\/p>\n","protected":false},"excerpt":{"rendered":"<p>In diesem schwierigen Jahr sind einige Familien \u00fcber die monatelange Kurzarbeit oder aus anderen Gr\u00fcnden in finanzielle Not geraten. Das Orga-Team vom &#8222;Delbr\u00fccker Ranzen&#8220; hat sich dazu entschieden, auch in diesem Jahr durch die Schulmaterialausgabe diese Familien zu unterst\u00fctzen. Alle Informationen dazu finden Sie dort: Materialausgabe Delbr\u00fccker Ranzen<\/p>\n","protected":false},"author":1,"featured_media":0,"comment_status":"closed","ping_status":"closed","sticky":false,"template":"","format":"standard","meta":{"footnotes":""},"categories":[363],"tags":[284],"class_list":["post-4519","post","type-post","status-publish","format-standard","hentry","category-schuljahr-2023-2024","tag-delbruecker-ranzen"],"_links":{"self":[{"href":"http:\/\/www.lippe-grundschule.de\/index.php?rest_route=\/wp\/v2\/posts\/4519","targetHints":{"allow":["GET"]}}],"collection":[{"href":"http:\/\/www.lippe-grundschule.de\/index.php?rest_route=\/wp\/v2\/posts"}],"about":[{"href":"http:\/\/www.lippe-grundschule.de\/index.php?rest_route=\/wp\/v2\/types\/post"}],"author":[{"embeddable":true,"href":"http:\/\/www.lippe-grundschule.de\/index.php?rest_route=\/wp\/v2\/users\/1"}],"replies":[{"embeddable":true,"href":"http:\/\/www.lippe-grundschule.de\/index.php?rest_route=%2Fwp%2Fv2%2Fcomments&post=4519"}],"version-history":[{"count":4,"href":"http:\/\/www.lippe-grundschule.de\/index.php?rest_route=\/wp\/v2\/posts\/4519\/revisions"}],"predecessor-version":[{"id":4532,"href":"http:\/\/www.lippe-grundschule.de\/index.php?rest_route=\/wp\/v2\/posts\/4519\/revisions\/4532"}],"wp:attachment":[{"href":"http:\/\/www.lippe-grundschule.de\/index.php?rest_route=%2Fwp%2Fv2%2Fmedia&parent=4519"}],"wp:term":[{"taxonomy":"category","embeddable":true,"href":"http:\/\/www.lippe-grundschule.de\/index.php?rest_route=%2Fwp%2Fv2%2Fcategories&post=4519"},{"taxonomy":"post_tag","embeddable":true,"href":"http:\/\/www.lippe-grundschule.de\/index.php?rest_route=%2Fwp%2Fv2%2Ftags&post=4519"}],"curies":[{"name":"wp","href":"https:\/\/api.w.org\/{rel}","templated":true}]}}