{"id":4616,"date":"2020-10-25T09:26:58","date_gmt":"2020-10-25T08:26:58","guid":{"rendered":"http:\/\/www.lippe-grundschule.de\/?p=4616"},"modified":"2020-10-25T09:26:58","modified_gmt":"2020-10-25T08:26:58","slug":"unterricht-nach-den-herbstferien","status":"publish","type":"post","link":"http:\/\/www.lippe-grundschule.de\/?p=4616","title":{"rendered":"Unterricht nach den Herbstferien"},"content":{"rendered":"\n<p class=\"has-normal-font-size\">Liebe Eltern unserer Sch\u00fclerinnen und Sch\u00fcler,<\/p>\n\n\n\n<p class=\"has-normal-font-size\">hoffentlich konnten Sie mit Ihren Familien die Herbstferien genie\u00dfen.<br>Zum Unterrichtsbeginn am 26.10.2020 finden Sie die aktuellen Informationen im Elternbrief.<\/p>\n\n\n\n<p class=\"has-normal-font-size\"><a href=\"http:\/\/www.lippe-grundschule.de\/wp-content\/uploads\/2020\/10\/Schulstart-nach-den-Herbstferien-LGS.pdf\" target=\"_blank\" rel=\"noreferrer noopener\">Schulstart nach den Herbstferien<\/a><\/p>\n","protected":false},"excerpt":{"rendered":"<p>Liebe Eltern unserer Sch\u00fclerinnen und Sch\u00fcler, hoffentlich konnten Sie mit Ihren Familien die Herbstferien genie\u00dfen.Zum Unterrichtsbeginn am 26.10.2020 finden Sie die aktuellen Informationen im Elternbrief. Schulstart nach den Herbstferien<\/p>\n","protected":false},"author":1,"featured_media":0,"comment_status":"closed","ping_status":"closed","sticky":false,"template":"","format":"standard","meta":{"footnotes":""},"categories":[363],"tags":[293,294],"class_list":["post-4616","post","type-post","status-publish","format-standard","hentry","category-schuljahr-2023-2024","tag-herbstferien","tag-unterrichtsbeginn"],"_links":{"self":[{"href":"http:\/\/www.lippe-grundschule.de\/index.php?rest_route=\/wp\/v2\/posts\/4616","targetHints":{"allow":["GET"]}}],"collection":[{"href":"http:\/\/www.lippe-grundschule.de\/index.php?rest_route=\/wp\/v2\/posts"}],"about":[{"href":"http:\/\/www.lippe-grundschule.de\/index.php?rest_route=\/wp\/v2\/types\/post"}],"author":[{"embeddable":true,"href":"http:\/\/www.lippe-grundschule.de\/index.php?rest_route=\/wp\/v2\/users\/1"}],"replies":[{"embeddable":true,"href":"http:\/\/www.lippe-grundschule.de\/index.php?rest_route=%2Fwp%2Fv2%2Fcomments&post=4616"}],"version-history":[{"count":1,"href":"http:\/\/www.lippe-grundschule.de\/index.php?rest_route=\/wp\/v2\/posts\/4616\/revisions"}],"predecessor-version":[{"id":4617,"href":"http:\/\/www.lippe-grundschule.de\/index.php?rest_route=\/wp\/v2\/posts\/4616\/revisions\/4617"}],"wp:attachment":[{"href":"http:\/\/www.lippe-grundschule.de\/index.php?rest_route=%2Fwp%2Fv2%2Fmedia&parent=4616"}],"wp:term":[{"taxonomy":"category","embeddable":true,"href":"http:\/\/www.lippe-grundschule.de\/index.php?rest_route=%2Fwp%2Fv2%2Fcategories&post=4616"},{"taxonomy":"post_tag","embeddable":true,"href":"http:\/\/www.lippe-grundschule.de\/index.php?rest_route=%2Fwp%2Fv2%2Ftags&post=4616"}],"curies":[{"name":"wp","href":"https:\/\/api.w.org\/{rel}","templated":true}]}}