{"id":4620,"date":"2020-11-14T22:40:17","date_gmt":"2020-11-14T21:40:17","guid":{"rendered":"http:\/\/www.lippe-grundschule.de\/?p=4620"},"modified":"2020-11-14T22:40:17","modified_gmt":"2020-11-14T21:40:17","slug":"aktuelle-information","status":"publish","type":"post","link":"http:\/\/www.lippe-grundschule.de\/?p=4620","title":{"rendered":"Aktuelle Information"},"content":{"rendered":"\n<p class=\"has-normal-font-size\">Liebe Eltern unserer Sch\u00fclerinnen und Sch\u00fcler. Hier k\u00f6nnen Sie den aktuellen Elternbrief und unser Konzept zur Verkn\u00fcpfung von Pr\u00e4senz- und Distanzunterricht laden:<\/p>\n\n\n\n<p class=\"has-normal-font-size\"><a href=\"http:\/\/www.lippe-grundschule.de\/wp-content\/uploads\/2020\/11\/Elternbrief-2020-11-09.pdf\" target=\"_blank\" rel=\"noreferrer noopener\">Elternbrief vom 09.11.2020<\/a><\/p>\n\n\n\n<p class=\"has-normal-font-size\"><a href=\"http:\/\/www.lippe-grundschule.de\/wp-content\/uploads\/2020\/11\/Lernfo\u0308rderliche-Verknu\u0308pfung-von-Pra\u0308senz-und-Distanzunterricht-2020-11-09.pdf\" target=\"_blank\" rel=\"noreferrer noopener\">Lernf\u00f6rderliche Verkn\u00fcpfung von Pr\u00e4senz- und Distanzunterricht<\/a><\/p>\n","protected":false},"excerpt":{"rendered":"<p>Liebe Eltern unserer Sch\u00fclerinnen und Sch\u00fcler. Hier k\u00f6nnen Sie den aktuellen Elternbrief und unser Konzept zur Verkn\u00fcpfung von Pr\u00e4senz- und Distanzunterricht laden: Elternbrief vom 09.11.2020 Lernf\u00f6rderliche Verkn\u00fcpfung von Pr\u00e4senz- und Distanzunterricht<\/p>\n","protected":false},"author":1,"featured_media":0,"comment_status":"closed","ping_status":"closed","sticky":false,"template":"","format":"standard","meta":{"footnotes":""},"categories":[363],"tags":[295],"class_list":["post-4620","post","type-post","status-publish","format-standard","hentry","category-schuljahr-2023-2024","tag-verknuepfung-von-praesenz-und-distanzunterricht"],"_links":{"self":[{"href":"http:\/\/www.lippe-grundschule.de\/index.php?rest_route=\/wp\/v2\/posts\/4620","targetHints":{"allow":["GET"]}}],"collection":[{"href":"http:\/\/www.lippe-grundschule.de\/index.php?rest_route=\/wp\/v2\/posts"}],"about":[{"href":"http:\/\/www.lippe-grundschule.de\/index.php?rest_route=\/wp\/v2\/types\/post"}],"author":[{"embeddable":true,"href":"http:\/\/www.lippe-grundschule.de\/index.php?rest_route=\/wp\/v2\/users\/1"}],"replies":[{"embeddable":true,"href":"http:\/\/www.lippe-grundschule.de\/index.php?rest_route=%2Fwp%2Fv2%2Fcomments&post=4620"}],"version-history":[{"count":2,"href":"http:\/\/www.lippe-grundschule.de\/index.php?rest_route=\/wp\/v2\/posts\/4620\/revisions"}],"predecessor-version":[{"id":4624,"href":"http:\/\/www.lippe-grundschule.de\/index.php?rest_route=\/wp\/v2\/posts\/4620\/revisions\/4624"}],"wp:attachment":[{"href":"http:\/\/www.lippe-grundschule.de\/index.php?rest_route=%2Fwp%2Fv2%2Fmedia&parent=4620"}],"wp:term":[{"taxonomy":"category","embeddable":true,"href":"http:\/\/www.lippe-grundschule.de\/index.php?rest_route=%2Fwp%2Fv2%2Fcategories&post=4620"},{"taxonomy":"post_tag","embeddable":true,"href":"http:\/\/www.lippe-grundschule.de\/index.php?rest_route=%2Fwp%2Fv2%2Ftags&post=4620"}],"curies":[{"name":"wp","href":"https:\/\/api.w.org\/{rel}","templated":true}]}}