{"id":4633,"date":"2020-11-24T13:27:47","date_gmt":"2020-11-24T12:27:47","guid":{"rendered":"http:\/\/www.lippe-grundschule.de\/?p=4633"},"modified":"2020-11-24T13:27:47","modified_gmt":"2020-11-24T12:27:47","slug":"notbetreuung-fuer-21-und-22-dezember","status":"publish","type":"post","link":"http:\/\/www.lippe-grundschule.de\/?p=4633","title":{"rendered":"Notbetreuung f\u00fcr 21. und 22. Dezember"},"content":{"rendered":"\n<p class=\"has-normal-font-size\">Die Weihnachtsferien werden verl\u00e4ngert und beginnen bereits zwei Tage fr\u00fcher.<br>F\u00fcr die urspr\u00fcnglichen Unterrichtstage, Montag, den 21.12, sowie Dienstag, den 22.12., wird eine Notbetreuung eingerichtet.<\/p>\n\n\n\n<p class=\"has-normal-font-size\">Genaue Informationen und das Antragsformular finden Sie hier:<\/p>\n\n\n\n<p class=\"has-normal-font-size\"><a rel=\"noreferrer noopener\" href=\"http:\/\/www.lippe-grundschule.de\/wp-content\/uploads\/2020\/11\/Notbetreuung-Weihnachtsferien.pdf\" target=\"_blank\">Elternbrief Notbetreuung vor Weihnachten<\/a><\/p>\n\n\n\n<p class=\"has-normal-font-size\"><a href=\"http:\/\/www.lippe-grundschule.de\/wp-content\/uploads\/2020\/11\/Antragsformular-Notbetreuung-Weihnachten-2020.pdf\" target=\"_blank\" rel=\"noreferrer noopener\">Antragsformular Notbetreuung<\/a><\/p>\n\n\n\n<p><\/p>\n","protected":false},"excerpt":{"rendered":"<p>Die Weihnachtsferien werden verl\u00e4ngert und beginnen bereits zwei Tage fr\u00fcher.F\u00fcr die urspr\u00fcnglichen Unterrichtstage, Montag, den 21.12, sowie Dienstag, den 22.12., wird eine Notbetreuung eingerichtet. Genaue Informationen und das Antragsformular finden Sie hier: Elternbrief Notbetreuung vor Weihnachten Antragsformular Notbetreuung<\/p>\n","protected":false},"author":1,"featured_media":0,"comment_status":"closed","ping_status":"closed","sticky":false,"template":"","format":"standard","meta":{"footnotes":""},"categories":[363],"tags":[296],"class_list":["post-4633","post","type-post","status-publish","format-standard","hentry","category-schuljahr-2023-2024","tag-notbetreuung"],"_links":{"self":[{"href":"http:\/\/www.lippe-grundschule.de\/index.php?rest_route=\/wp\/v2\/posts\/4633","targetHints":{"allow":["GET"]}}],"collection":[{"href":"http:\/\/www.lippe-grundschule.de\/index.php?rest_route=\/wp\/v2\/posts"}],"about":[{"href":"http:\/\/www.lippe-grundschule.de\/index.php?rest_route=\/wp\/v2\/types\/post"}],"author":[{"embeddable":true,"href":"http:\/\/www.lippe-grundschule.de\/index.php?rest_route=\/wp\/v2\/users\/1"}],"replies":[{"embeddable":true,"href":"http:\/\/www.lippe-grundschule.de\/index.php?rest_route=%2Fwp%2Fv2%2Fcomments&post=4633"}],"version-history":[{"count":4,"href":"http:\/\/www.lippe-grundschule.de\/index.php?rest_route=\/wp\/v2\/posts\/4633\/revisions"}],"predecessor-version":[{"id":4639,"href":"http:\/\/www.lippe-grundschule.de\/index.php?rest_route=\/wp\/v2\/posts\/4633\/revisions\/4639"}],"wp:attachment":[{"href":"http:\/\/www.lippe-grundschule.de\/index.php?rest_route=%2Fwp%2Fv2%2Fmedia&parent=4633"}],"wp:term":[{"taxonomy":"category","embeddable":true,"href":"http:\/\/www.lippe-grundschule.de\/index.php?rest_route=%2Fwp%2Fv2%2Fcategories&post=4633"},{"taxonomy":"post_tag","embeddable":true,"href":"http:\/\/www.lippe-grundschule.de\/index.php?rest_route=%2Fwp%2Fv2%2Ftags&post=4633"}],"curies":[{"name":"wp","href":"https:\/\/api.w.org\/{rel}","templated":true}]}}