{"id":4641,"date":"2020-12-06T10:35:58","date_gmt":"2020-12-06T09:35:58","guid":{"rendered":"http:\/\/www.lippe-grundschule.de\/?p=4641"},"modified":"2020-12-10T20:00:45","modified_gmt":"2020-12-10T19:00:45","slug":"informationen-der-stadt-delbrueck","status":"publish","type":"post","link":"http:\/\/www.lippe-grundschule.de\/?p=4641","title":{"rendered":"Informationen der Stadt Delbr\u00fcck"},"content":{"rendered":"\n<p class=\"has-normal-font-size\">Liebe Eltern,<br>in der Hoffnung, dass wir nicht in diese Situation kommen, m\u00f6chten wir Sie mit beigef\u00fcgtem Schreiben sowie weiteren Dokumenten dar\u00fcber informieren, wie die Grundschulen der Stadt Delbr\u00fcck gemeinsam mit dem Schultr\u00e4ger im Fall eines Infektionsgeschehens an der Schule agieren.<\/p>\n\n\n\n<p class=\"has-normal-font-size\"><a rel=\"noreferrer noopener\" href=\"http:\/\/www.lippe-grundschule.de\/wp-content\/uploads\/2020\/12\/Info-Quarantaene.pdf\" target=\"_blank\">Informationen zur Quarant\u00e4ne<\/a><\/p>\n\n\n\n<p class=\"has-normal-font-size\"><a href=\"http:\/\/www.lippe-grundschule.de\/wp-content\/uploads\/2020\/12\/201130_quarantanevo.pdf\" target=\"_blank\" rel=\"noreferrer noopener\">Quarant\u00e4neverordnung NRW<\/a><\/p>\n\n\n\n<p class=\"has-normal-font-size\"><a href=\"https:\/\/www.kreis-paderborn.de\/kreis_paderborn\/aktuelles\/pressemitteilungen\/Informationen-zu-Coronaviren.php\" target=\"_blank\" rel=\"noreferrer noopener\">Tagessaktuelle Informationen zu SARS-CoV-2 im Kreis Paderborn<\/a><\/p>\n","protected":false},"excerpt":{"rendered":"<p>Liebe Eltern,in der Hoffnung, dass wir nicht in diese Situation kommen, m\u00f6chten wir Sie mit beigef\u00fcgtem Schreiben sowie weiteren Dokumenten dar\u00fcber informieren, wie die Grundschulen der Stadt Delbr\u00fcck gemeinsam mit dem Schultr\u00e4ger im Fall eines Infektionsgeschehens an der Schule agieren. Informationen zur Quarant\u00e4ne Quarant\u00e4neverordnung NRW Tagessaktuelle Informationen zu SARS-CoV-2 im Kreis Paderborn<\/p>\n","protected":false},"author":1,"featured_media":0,"comment_status":"closed","ping_status":"closed","sticky":false,"template":"","format":"standard","meta":{"footnotes":""},"categories":[363],"tags":[297],"class_list":["post-4641","post","type-post","status-publish","format-standard","hentry","category-schuljahr-2023-2024","tag-quarantaene"],"_links":{"self":[{"href":"http:\/\/www.lippe-grundschule.de\/index.php?rest_route=\/wp\/v2\/posts\/4641","targetHints":{"allow":["GET"]}}],"collection":[{"href":"http:\/\/www.lippe-grundschule.de\/index.php?rest_route=\/wp\/v2\/posts"}],"about":[{"href":"http:\/\/www.lippe-grundschule.de\/index.php?rest_route=\/wp\/v2\/types\/post"}],"author":[{"embeddable":true,"href":"http:\/\/www.lippe-grundschule.de\/index.php?rest_route=\/wp\/v2\/users\/1"}],"replies":[{"embeddable":true,"href":"http:\/\/www.lippe-grundschule.de\/index.php?rest_route=%2Fwp%2Fv2%2Fcomments&post=4641"}],"version-history":[{"count":3,"href":"http:\/\/www.lippe-grundschule.de\/index.php?rest_route=\/wp\/v2\/posts\/4641\/revisions"}],"predecessor-version":[{"id":4668,"href":"http:\/\/www.lippe-grundschule.de\/index.php?rest_route=\/wp\/v2\/posts\/4641\/revisions\/4668"}],"wp:attachment":[{"href":"http:\/\/www.lippe-grundschule.de\/index.php?rest_route=%2Fwp%2Fv2%2Fmedia&parent=4641"}],"wp:term":[{"taxonomy":"category","embeddable":true,"href":"http:\/\/www.lippe-grundschule.de\/index.php?rest_route=%2Fwp%2Fv2%2Fcategories&post=4641"},{"taxonomy":"post_tag","embeddable":true,"href":"http:\/\/www.lippe-grundschule.de\/index.php?rest_route=%2Fwp%2Fv2%2Ftags&post=4641"}],"curies":[{"name":"wp","href":"https:\/\/api.w.org\/{rel}","templated":true}]}}