{"id":4690,"date":"2020-12-11T19:32:54","date_gmt":"2020-12-11T18:32:54","guid":{"rendered":"http:\/\/www.lippe-grundschule.de\/?p=4690"},"modified":"2020-12-12T11:31:36","modified_gmt":"2020-12-12T10:31:36","slug":"4690","status":"publish","type":"post","link":"http:\/\/www.lippe-grundschule.de\/?p=4690","title":{"rendered":"Aufhebung der Pr\u00e4senzpflicht im Unterricht"},"content":{"rendered":"\n<p class=\"has-medium-font-size\">Liebe Eltern unserer Sch\u00fclerinnen und Sch\u00fcler,<br>die Landesregierung hebt f\u00fcr die kommende Woche von Montag, 14.12.2020 bis Freitag, 18.12.2020, die Pr\u00e4senzpflicht f\u00fcr den Unterricht auf.<br>Sie als Eltern d\u00fcrfen f\u00fcr diesen Zeitraum entscheiden, ob Ihr Kind am Unterricht in der Schule teilnimmt oder zu Hause lernt. Alle wichtigen Informationen hierzu finden Sie im Elternbrief.<\/p>\n\n\n\n<p class=\"has-medium-font-size\"><a href=\"http:\/\/www.lippe-grundschule.de\/wp-content\/uploads\/2020\/12\/Aufhebung-der-Praesenzpflicht-im-Unterricht.pdf\" target=\"_blank\" rel=\"noreferrer noopener\">Aufhebung der Pr\u00e4senzpflicht im Unterricht<\/a><\/p>\n","protected":false},"excerpt":{"rendered":"<p>Liebe Eltern unserer Sch\u00fclerinnen und Sch\u00fcler,die Landesregierung hebt f\u00fcr die kommende Woche von Montag, 14.12.2020 bis Freitag, 18.12.2020, die Pr\u00e4senzpflicht f\u00fcr den Unterricht auf.Sie als Eltern d\u00fcrfen f\u00fcr diesen Zeitraum entscheiden, ob Ihr Kind am Unterricht in der Schule teilnimmt oder zu Hause lernt. Alle wichtigen Informationen hierzu finden Sie im Elternbrief. Aufhebung der Pr\u00e4senzpflicht [&hellip;]<\/p>\n","protected":false},"author":1,"featured_media":0,"comment_status":"closed","ping_status":"closed","sticky":false,"template":"","format":"standard","meta":{"footnotes":""},"categories":[363],"tags":[],"class_list":["post-4690","post","type-post","status-publish","format-standard","hentry","category-schuljahr-2023-2024"],"_links":{"self":[{"href":"http:\/\/www.lippe-grundschule.de\/index.php?rest_route=\/wp\/v2\/posts\/4690","targetHints":{"allow":["GET"]}}],"collection":[{"href":"http:\/\/www.lippe-grundschule.de\/index.php?rest_route=\/wp\/v2\/posts"}],"about":[{"href":"http:\/\/www.lippe-grundschule.de\/index.php?rest_route=\/wp\/v2\/types\/post"}],"author":[{"embeddable":true,"href":"http:\/\/www.lippe-grundschule.de\/index.php?rest_route=\/wp\/v2\/users\/1"}],"replies":[{"embeddable":true,"href":"http:\/\/www.lippe-grundschule.de\/index.php?rest_route=%2Fwp%2Fv2%2Fcomments&post=4690"}],"version-history":[{"count":5,"href":"http:\/\/www.lippe-grundschule.de\/index.php?rest_route=\/wp\/v2\/posts\/4690\/revisions"}],"predecessor-version":[{"id":4697,"href":"http:\/\/www.lippe-grundschule.de\/index.php?rest_route=\/wp\/v2\/posts\/4690\/revisions\/4697"}],"wp:attachment":[{"href":"http:\/\/www.lippe-grundschule.de\/index.php?rest_route=%2Fwp%2Fv2%2Fmedia&parent=4690"}],"wp:term":[{"taxonomy":"category","embeddable":true,"href":"http:\/\/www.lippe-grundschule.de\/index.php?rest_route=%2Fwp%2Fv2%2Fcategories&post=4690"},{"taxonomy":"post_tag","embeddable":true,"href":"http:\/\/www.lippe-grundschule.de\/index.php?rest_route=%2Fwp%2Fv2%2Ftags&post=4690"}],"curies":[{"name":"wp","href":"https:\/\/api.w.org\/{rel}","templated":true}]}}