{"id":5219,"date":"2021-09-26T13:59:05","date_gmt":"2021-09-26T11:59:05","guid":{"rendered":"http:\/\/www.lippe-grundschule.de\/?p=5219"},"modified":"2021-09-26T13:59:05","modified_gmt":"2021-09-26T11:59:05","slug":"erntedank","status":"publish","type":"post","link":"http:\/\/www.lippe-grundschule.de\/?p=5219","title":{"rendered":"Erntedank"},"content":{"rendered":"\n<figure class=\"wp-block-gallery columns-1 is-cropped wp-block-gallery-1 is-layout-flex wp-block-gallery-is-layout-flex\"><ul class=\"blocks-gallery-grid\"><li class=\"blocks-gallery-item\"><figure><img loading=\"lazy\" decoding=\"async\" width=\"1024\" height=\"577\" src=\"http:\/\/www.lippe-grundschule.de\/wp-content\/uploads\/2021\/09\/IMG_20210924_092113_1-2-1024x577.jpg\" alt=\"\" data-id=\"5226\" data-full-url=\"http:\/\/www.lippe-grundschule.de\/wp-content\/uploads\/2021\/09\/IMG_20210924_092113_1-2-scaled.jpg\" data-link=\"http:\/\/www.lippe-grundschule.de\/?attachment_id=5226\" class=\"wp-image-5226\" srcset=\"http:\/\/www.lippe-grundschule.de\/wp-content\/uploads\/2021\/09\/IMG_20210924_092113_1-2-1024x577.jpg 1024w, http:\/\/www.lippe-grundschule.de\/wp-content\/uploads\/2021\/09\/IMG_20210924_092113_1-2-300x169.jpg 300w, http:\/\/www.lippe-grundschule.de\/wp-content\/uploads\/2021\/09\/IMG_20210924_092113_1-2-150x84.jpg 150w, http:\/\/www.lippe-grundschule.de\/wp-content\/uploads\/2021\/09\/IMG_20210924_092113_1-2-1536x865.jpg 1536w, http:\/\/www.lippe-grundschule.de\/wp-content\/uploads\/2021\/09\/IMG_20210924_092113_1-2-2048x1154.jpg 2048w, http:\/\/www.lippe-grundschule.de\/wp-content\/uploads\/2021\/09\/IMG_20210924_092113_1-2-624x352.jpg 624w\" sizes=\"auto, (max-width: 1024px) 100vw, 1024px\" \/><\/figure><\/li><\/ul><\/figure>\n\n\n\n<p>Am Freitag wurde an der Lippe-Grundschule eine kleine Erntedank-Feier gestaltet. Dazu durfte jeder Jahrgang mit dem mitgebachten Fr\u00fchst\u00fcck zu einem festlich geschm\u00fcckten Tisch vor die Schule kommen. Nach dem Begr\u00fc\u00dfungslied &#8222;Wo zwei oder drei&#8220; haben wir gemeinsam mit Frau Meermeyer gebetet und unseren Dank ausgesprochen. Nachdem wir und unser Essen gesegnet wurden, haben wir noch das Lied &#8222;Gottes Liebe ist so wunderbar&#8220;  gesungen und dann unser Fr\u00fchst\u00fcck genossen.<\/p>\n\n\n\n<figure class=\"wp-block-gallery columns-3 is-cropped wp-block-gallery-2 is-layout-flex wp-block-gallery-is-layout-flex\"><ul class=\"blocks-gallery-grid\"><li class=\"blocks-gallery-item\"><figure><img loading=\"lazy\" decoding=\"async\" width=\"1024\" height=\"768\" src=\"http:\/\/www.lippe-grundschule.de\/wp-content\/uploads\/2021\/09\/IMG_20210924_090839-1024x768.jpg\" alt=\"\" data-id=\"5221\" data-link=\"http:\/\/www.lippe-grundschule.de\/?attachment_id=5221\" class=\"wp-image-5221\" srcset=\"http:\/\/www.lippe-grundschule.de\/wp-content\/uploads\/2021\/09\/IMG_20210924_090839-1024x768.jpg 1024w, http:\/\/www.lippe-grundschule.de\/wp-content\/uploads\/2021\/09\/IMG_20210924_090839-300x225.jpg 300w, http:\/\/www.lippe-grundschule.de\/wp-content\/uploads\/2021\/09\/IMG_20210924_090839-150x113.jpg 150w, http:\/\/www.lippe-grundschule.de\/wp-content\/uploads\/2021\/09\/IMG_20210924_090839-1536x1152.jpg 1536w, http:\/\/www.lippe-grundschule.de\/wp-content\/uploads\/2021\/09\/IMG_20210924_090839-2048x1536.jpg 2048w, http:\/\/www.lippe-grundschule.de\/wp-content\/uploads\/2021\/09\/IMG_20210924_090839-624x468.jpg 624w\" sizes=\"auto, (max-width: 1024px) 100vw, 1024px\" \/><\/figure><\/li><li class=\"blocks-gallery-item\"><figure><img loading=\"lazy\" decoding=\"async\" width=\"852\" height=\"1024\" src=\"http:\/\/www.lippe-grundschule.de\/wp-content\/uploads\/2021\/09\/IMG_20210924_090835-1-852x1024.jpg\" alt=\"\" data-id=\"5228\" data-full-url=\"http:\/\/www.lippe-grundschule.de\/wp-content\/uploads\/2021\/09\/IMG_20210924_090835-1-scaled.jpg\" data-link=\"http:\/\/www.lippe-grundschule.de\/?attachment_id=5228\" class=\"wp-image-5228\" srcset=\"http:\/\/www.lippe-grundschule.de\/wp-content\/uploads\/2021\/09\/IMG_20210924_090835-1-852x1024.jpg 852w, http:\/\/www.lippe-grundschule.de\/wp-content\/uploads\/2021\/09\/IMG_20210924_090835-1-250x300.jpg 250w, http:\/\/www.lippe-grundschule.de\/wp-content\/uploads\/2021\/09\/IMG_20210924_090835-1-125x150.jpg 125w, http:\/\/www.lippe-grundschule.de\/wp-content\/uploads\/2021\/09\/IMG_20210924_090835-1-1278x1536.jpg 1278w, http:\/\/www.lippe-grundschule.de\/wp-content\/uploads\/2021\/09\/IMG_20210924_090835-1-1704x2048.jpg 1704w, http:\/\/www.lippe-grundschule.de\/wp-content\/uploads\/2021\/09\/IMG_20210924_090835-1-624x750.jpg 624w\" sizes=\"auto, (max-width: 852px) 100vw, 852px\" \/><\/figure><\/li><li class=\"blocks-gallery-item\"><figure><img loading=\"lazy\" decoding=\"async\" width=\"768\" height=\"1024\" src=\"http:\/\/www.lippe-grundschule.de\/wp-content\/uploads\/2021\/09\/IMG_20210924_090849-768x1024.jpg\" alt=\"\" data-id=\"5222\" data-link=\"http:\/\/www.lippe-grundschule.de\/?attachment_id=5222\" class=\"wp-image-5222\" srcset=\"http:\/\/www.lippe-grundschule.de\/wp-content\/uploads\/2021\/09\/IMG_20210924_090849-768x1024.jpg 768w, http:\/\/www.lippe-grundschule.de\/wp-content\/uploads\/2021\/09\/IMG_20210924_090849-225x300.jpg 225w, http:\/\/www.lippe-grundschule.de\/wp-content\/uploads\/2021\/09\/IMG_20210924_090849-113x150.jpg 113w, http:\/\/www.lippe-grundschule.de\/wp-content\/uploads\/2021\/09\/IMG_20210924_090849-1152x1536.jpg 1152w, http:\/\/www.lippe-grundschule.de\/wp-content\/uploads\/2021\/09\/IMG_20210924_090849-1536x2048.jpg 1536w, http:\/\/www.lippe-grundschule.de\/wp-content\/uploads\/2021\/09\/IMG_20210924_090849-624x832.jpg 624w, http:\/\/www.lippe-grundschule.de\/wp-content\/uploads\/2021\/09\/IMG_20210924_090849-scaled.jpg 1920w\" sizes=\"auto, (max-width: 768px) 100vw, 768px\" \/><\/figure><\/li><\/ul><\/figure>\n\n\n\n<p><\/p>\n","protected":false},"excerpt":{"rendered":"<p>Am Freitag wurde an der Lippe-Grundschule eine kleine Erntedank-Feier gestaltet. Dazu durfte jeder Jahrgang mit dem mitgebachten Fr\u00fchst\u00fcck zu einem festlich geschm\u00fcckten Tisch vor die Schule kommen. Nach dem Begr\u00fc\u00dfungslied &#8222;Wo zwei oder drei&#8220; haben wir gemeinsam mit Frau Meermeyer gebetet und unseren Dank ausgesprochen. Nachdem wir und unser Essen gesegnet wurden, haben wir noch [&hellip;]<\/p>\n","protected":false},"author":17,"featured_media":0,"comment_status":"closed","ping_status":"closed","sticky":false,"template":"","format":"standard","meta":{"footnotes":""},"categories":[328],"tags":[],"class_list":["post-5219","post","type-post","status-publish","format-standard","hentry","category-schuljahr-2021-2022"],"_links":{"self":[{"href":"http:\/\/www.lippe-grundschule.de\/index.php?rest_route=\/wp\/v2\/posts\/5219","targetHints":{"allow":["GET"]}}],"collection":[{"href":"http:\/\/www.lippe-grundschule.de\/index.php?rest_route=\/wp\/v2\/posts"}],"about":[{"href":"http:\/\/www.lippe-grundschule.de\/index.php?rest_route=\/wp\/v2\/types\/post"}],"author":[{"embeddable":true,"href":"http:\/\/www.lippe-grundschule.de\/index.php?rest_route=\/wp\/v2\/users\/17"}],"replies":[{"embeddable":true,"href":"http:\/\/www.lippe-grundschule.de\/index.php?rest_route=%2Fwp%2Fv2%2Fcomments&post=5219"}],"version-history":[{"count":2,"href":"http:\/\/www.lippe-grundschule.de\/index.php?rest_route=\/wp\/v2\/posts\/5219\/revisions"}],"predecessor-version":[{"id":5229,"href":"http:\/\/www.lippe-grundschule.de\/index.php?rest_route=\/wp\/v2\/posts\/5219\/revisions\/5229"}],"wp:attachment":[{"href":"http:\/\/www.lippe-grundschule.de\/index.php?rest_route=%2Fwp%2Fv2%2Fmedia&parent=5219"}],"wp:term":[{"taxonomy":"category","embeddable":true,"href":"http:\/\/www.lippe-grundschule.de\/index.php?rest_route=%2Fwp%2Fv2%2Fcategories&post=5219"},{"taxonomy":"post_tag","embeddable":true,"href":"http:\/\/www.lippe-grundschule.de\/index.php?rest_route=%2Fwp%2Fv2%2Ftags&post=5219"}],"curies":[{"name":"wp","href":"https:\/\/api.w.org\/{rel}","templated":true}]}}