{"id":5230,"date":"2021-09-29T21:36:12","date_gmt":"2021-09-29T19:36:12","guid":{"rendered":"http:\/\/www.lippe-grundschule.de\/?p=5230"},"modified":"2021-09-29T21:36:12","modified_gmt":"2021-09-29T19:36:12","slug":"aktion-lesetuete-was-steckt-nur-in-der-tuete-drin","status":"publish","type":"post","link":"http:\/\/www.lippe-grundschule.de\/?p=5230","title":{"rendered":"Aktion Leset\u00fcte &#8211; was steckt nur in der T\u00fcte drin?"},"content":{"rendered":"\n<div class=\"wp-block-media-text alignwide is-stacked-on-mobile\" style=\"grid-template-columns:27% auto\"><figure class=\"wp-block-media-text__media\"><img loading=\"lazy\" decoding=\"async\" width=\"498\" height=\"672\" src=\"http:\/\/www.lippe-grundschule.de\/wp-content\/uploads\/2021\/09\/lesetuete-1.jpg\" alt=\"\" class=\"wp-image-5233 size-full\" srcset=\"http:\/\/www.lippe-grundschule.de\/wp-content\/uploads\/2021\/09\/lesetuete-1.jpg 498w, http:\/\/www.lippe-grundschule.de\/wp-content\/uploads\/2021\/09\/lesetuete-1-222x300.jpg 222w, http:\/\/www.lippe-grundschule.de\/wp-content\/uploads\/2021\/09\/lesetuete-1-111x150.jpg 111w\" sizes=\"auto, (max-width: 498px) 100vw, 498px\" \/><\/figure><div class=\"wp-block-media-text__content\">\n<p class=\"has-normal-font-size\">Schon vor den Sommerferien hatten die Sch\u00fclerinnen und Sch\u00fcler der jetzigen Klassen 2a und 2b flei\u00dfig Papiert\u00fcten bemalt und gestaltet. Gute W\u00fcnsche wie \u201eIch w\u00fcnsche dir ein sch\u00f6nes Schuljahr.\u201c und \u201eViel Spa\u00df beim Lesen!\u201c wurden auf die T\u00fcten geschrieben. Die Kinder wussten, dass diese T\u00fcten zu Beginn des Schuljahres 2021\/2022 an die Erstkl\u00e4sslerinnen und Erstkl\u00e4ssler verteilt werden w\u00fcrden. <\/p>\n<\/div><\/div>\n\n\n\n<div class=\"wp-block-media-text alignwide has-media-on-the-right is-stacked-on-mobile\" style=\"grid-template-columns:auto 46%\"><figure class=\"wp-block-media-text__media\"><img loading=\"lazy\" decoding=\"async\" width=\"1024\" height=\"768\" src=\"http:\/\/www.lippe-grundschule.de\/wp-content\/uploads\/2021\/09\/IMG_20210910_101815-1024x768.jpg\" alt=\"\" class=\"wp-image-5231 size-full\" srcset=\"http:\/\/www.lippe-grundschule.de\/wp-content\/uploads\/2021\/09\/IMG_20210910_101815-1024x768.jpg 1024w, http:\/\/www.lippe-grundschule.de\/wp-content\/uploads\/2021\/09\/IMG_20210910_101815-300x225.jpg 300w, http:\/\/www.lippe-grundschule.de\/wp-content\/uploads\/2021\/09\/IMG_20210910_101815-150x113.jpg 150w, http:\/\/www.lippe-grundschule.de\/wp-content\/uploads\/2021\/09\/IMG_20210910_101815-1536x1152.jpg 1536w, http:\/\/www.lippe-grundschule.de\/wp-content\/uploads\/2021\/09\/IMG_20210910_101815-2048x1536.jpg 2048w, http:\/\/www.lippe-grundschule.de\/wp-content\/uploads\/2021\/09\/IMG_20210910_101815-624x468.jpg 624w\" sizes=\"auto, (max-width: 1024px) 100vw, 1024px\" \/><\/figure><div class=\"wp-block-media-text__content\">\n<p><br>Nun war es endlich soweit. Alle neuen Sch\u00fclerinnen und Sch\u00fcler unserer Schule bekamen ihre eigene Leset\u00fcte &#8211; gef\u00fcllt mit einem Buch mit dem Titel Schulgeschichten und weiteren kleinen Geschenken rund ums Lesen. Das kam bei allen super an. Unsere Schulleiterin Frau Steppuhn freut sich \u00fcber die Aktion. \u201eEs ist eine tolle M\u00f6glichkeit, die Begeisterung der Kinder f\u00fcrs Lesen zu unterst\u00fctzen.\u201c <\/p>\n\n\n\n<p>Der Buchladen in Delbr\u00fcck mit Simone Kuhfu\u00df als Inhaberin hatte die Leset\u00fcten liebevoll bef\u00fcllt. <\/p>\n\n\n\n<p>Vielen Dank daf\u00fcr! <br><\/p>\n<\/div><\/div>\n\n\n\n<p><\/p>\n","protected":false},"excerpt":{"rendered":"<p>Schon vor den Sommerferien hatten die Sch\u00fclerinnen und Sch\u00fcler der jetzigen Klassen 2a und 2b flei\u00dfig Papiert\u00fcten bemalt und gestaltet. Gute W\u00fcnsche wie \u201eIch w\u00fcnsche dir ein sch\u00f6nes Schuljahr.\u201c und \u201eViel Spa\u00df beim Lesen!\u201c wurden auf die T\u00fcten geschrieben. Die Kinder wussten, dass diese T\u00fcten zu Beginn des Schuljahres 2021\/2022 an die Erstkl\u00e4sslerinnen und Erstkl\u00e4ssler [&hellip;]<\/p>\n","protected":false},"author":17,"featured_media":0,"comment_status":"closed","ping_status":"closed","sticky":false,"template":"","format":"standard","meta":{"footnotes":""},"categories":[328],"tags":[337,57,336],"class_list":["post-5230","post","type-post","status-publish","format-standard","hentry","category-schuljahr-2021-2022","tag-der-buchladen","tag-erstklaessler","tag-lesetuete"],"_links":{"self":[{"href":"http:\/\/www.lippe-grundschule.de\/index.php?rest_route=\/wp\/v2\/posts\/5230","targetHints":{"allow":["GET"]}}],"collection":[{"href":"http:\/\/www.lippe-grundschule.de\/index.php?rest_route=\/wp\/v2\/posts"}],"about":[{"href":"http:\/\/www.lippe-grundschule.de\/index.php?rest_route=\/wp\/v2\/types\/post"}],"author":[{"embeddable":true,"href":"http:\/\/www.lippe-grundschule.de\/index.php?rest_route=\/wp\/v2\/users\/17"}],"replies":[{"embeddable":true,"href":"http:\/\/www.lippe-grundschule.de\/index.php?rest_route=%2Fwp%2Fv2%2Fcomments&post=5230"}],"version-history":[{"count":1,"href":"http:\/\/www.lippe-grundschule.de\/index.php?rest_route=\/wp\/v2\/posts\/5230\/revisions"}],"predecessor-version":[{"id":5234,"href":"http:\/\/www.lippe-grundschule.de\/index.php?rest_route=\/wp\/v2\/posts\/5230\/revisions\/5234"}],"wp:attachment":[{"href":"http:\/\/www.lippe-grundschule.de\/index.php?rest_route=%2Fwp%2Fv2%2Fmedia&parent=5230"}],"wp:term":[{"taxonomy":"category","embeddable":true,"href":"http:\/\/www.lippe-grundschule.de\/index.php?rest_route=%2Fwp%2Fv2%2Fcategories&post=5230"},{"taxonomy":"post_tag","embeddable":true,"href":"http:\/\/www.lippe-grundschule.de\/index.php?rest_route=%2Fwp%2Fv2%2Ftags&post=5230"}],"curies":[{"name":"wp","href":"https:\/\/api.w.org\/{rel}","templated":true}]}}