{"id":5249,"date":"2021-10-08T12:29:02","date_gmt":"2021-10-08T10:29:02","guid":{"rendered":"http:\/\/www.lippe-grundschule.de\/?p=5249"},"modified":"2021-10-08T12:29:02","modified_gmt":"2021-10-08T10:29:02","slug":"unterrichtsbetrieb-nach-den-herbstferien","status":"publish","type":"post","link":"http:\/\/www.lippe-grundschule.de\/?p=5249","title":{"rendered":"Unterrichtsbetrieb nach den Herbstferien"},"content":{"rendered":"\n<p class=\"has-medium-font-size\">Liebe Eltern unserer Sch\u00fclerinnen und Sch\u00fcler,<br><br>die ersten Wochen des Schuljahres liegen hinter uns und wir beenden heute das erste Quartal. Dank Ihrer Umsicht und Unterst\u00fctzung sind wir gut durch diese Zeit gekommen, daf\u00fcr m\u00f6chte ich mich herzlich bei allen Familien bedanken. Selbst der eine positive Pool neulich hat keine weiteren Ansteckungen nach sich gezogen, was daf\u00fcr spricht, dass unsere Ma\u00dfnahmen erfolgreich waren.<br>\u00dcber die f\u00fcr nach den Herbstferien geplanten Ma\u00dfnahmen der Landesregierung informiere ich mit <a href=\"http:\/\/www.lippe-grundschule.de\/wp-content\/uploads\/2021\/10\/Schulbetrieb-nach-den-Herbstferien.pdf\" target=\"_blank\" rel=\"noreferrer noopener\">diesem Schreiben<\/a> und w\u00fcnsche Ihnen und Ihren Familien erholsame Herbstferien und eine sch\u00f6ne gemeinsame Zeit!<br>Mit herzlichen Gr\u00fc\u00dfen,<br>Cornelia Steppuhn<br>Rektorin<\/p>\n","protected":false},"excerpt":{"rendered":"<p>Liebe Eltern unserer Sch\u00fclerinnen und Sch\u00fcler, die ersten Wochen des Schuljahres liegen hinter uns und wir beenden heute das erste Quartal. Dank Ihrer Umsicht und Unterst\u00fctzung sind wir gut durch diese Zeit gekommen, daf\u00fcr m\u00f6chte ich mich herzlich bei allen Familien bedanken. Selbst der eine positive Pool neulich hat keine weiteren Ansteckungen nach sich gezogen, [&hellip;]<\/p>\n","protected":false},"author":1,"featured_media":0,"comment_status":"closed","ping_status":"closed","sticky":false,"template":"","format":"standard","meta":{"footnotes":""},"categories":[328],"tags":[343],"class_list":["post-5249","post","type-post","status-publish","format-standard","hentry","category-schuljahr-2021-2022","tag-unterricht-nach-den-herbstferien"],"_links":{"self":[{"href":"http:\/\/www.lippe-grundschule.de\/index.php?rest_route=\/wp\/v2\/posts\/5249","targetHints":{"allow":["GET"]}}],"collection":[{"href":"http:\/\/www.lippe-grundschule.de\/index.php?rest_route=\/wp\/v2\/posts"}],"about":[{"href":"http:\/\/www.lippe-grundschule.de\/index.php?rest_route=\/wp\/v2\/types\/post"}],"author":[{"embeddable":true,"href":"http:\/\/www.lippe-grundschule.de\/index.php?rest_route=\/wp\/v2\/users\/1"}],"replies":[{"embeddable":true,"href":"http:\/\/www.lippe-grundschule.de\/index.php?rest_route=%2Fwp%2Fv2%2Fcomments&post=5249"}],"version-history":[{"count":2,"href":"http:\/\/www.lippe-grundschule.de\/index.php?rest_route=\/wp\/v2\/posts\/5249\/revisions"}],"predecessor-version":[{"id":5252,"href":"http:\/\/www.lippe-grundschule.de\/index.php?rest_route=\/wp\/v2\/posts\/5249\/revisions\/5252"}],"wp:attachment":[{"href":"http:\/\/www.lippe-grundschule.de\/index.php?rest_route=%2Fwp%2Fv2%2Fmedia&parent=5249"}],"wp:term":[{"taxonomy":"category","embeddable":true,"href":"http:\/\/www.lippe-grundschule.de\/index.php?rest_route=%2Fwp%2Fv2%2Fcategories&post=5249"},{"taxonomy":"post_tag","embeddable":true,"href":"http:\/\/www.lippe-grundschule.de\/index.php?rest_route=%2Fwp%2Fv2%2Ftags&post=5249"}],"curies":[{"name":"wp","href":"https:\/\/api.w.org\/{rel}","templated":true}]}}