{"id":5255,"date":"2021-10-31T09:42:25","date_gmt":"2021-10-31T08:42:25","guid":{"rendered":"http:\/\/www.lippe-grundschule.de\/?p=5255"},"modified":"2021-10-31T09:42:55","modified_gmt":"2021-10-31T08:42:55","slug":"wegfall-der-maskenpflicht-am-platz","status":"publish","type":"post","link":"http:\/\/www.lippe-grundschule.de\/?p=5255","title":{"rendered":"Wegfall der Maskenpflicht am Platz"},"content":{"rendered":"\n<p style=\"font-size:18px\">Liebe Eltern unserer Sch\u00fclerinnen und Sch\u00fcler,<\/p>\n\n\n\n<p style=\"font-size:18px\">ab der kommenden Woche m\u00fcssen die Kinder in der Schule am festen Sitzplatz keine Masken mehr tragen. Detaillierte Informationen sind im <a rel=\"noreferrer noopener\" href=\"http:\/\/www.lippe-grundschule.de\/wp-content\/uploads\/2021\/10\/Wegfall-der-Maskenpflicht-am-Platz.pdf\" target=\"_blank\">Elternbrief<\/a> zusammengefasst. Alle Elternbriefe k\u00f6nnen Sie auch im Men\u00fc <a href=\"http:\/\/www.lippe-grundschule.de\/?page_id=89\" target=\"_blank\" rel=\"noreferrer noopener\">Eltern \/ Elternbriefe<\/a> aufrufen.<\/p>\n","protected":false},"excerpt":{"rendered":"<p>Liebe Eltern unserer Sch\u00fclerinnen und Sch\u00fcler, ab der kommenden Woche m\u00fcssen die Kinder in der Schule am festen Sitzplatz keine Masken mehr tragen. Detaillierte Informationen sind im Elternbrief zusammengefasst. Alle Elternbriefe k\u00f6nnen Sie auch im Men\u00fc Eltern \/ Elternbriefe aufrufen.<\/p>\n","protected":false},"author":1,"featured_media":0,"comment_status":"closed","ping_status":"closed","sticky":false,"template":"","format":"standard","meta":{"footnotes":""},"categories":[328],"tags":[344],"class_list":["post-5255","post","type-post","status-publish","format-standard","hentry","category-schuljahr-2021-2022","tag-maskenpflicht"],"_links":{"self":[{"href":"http:\/\/www.lippe-grundschule.de\/index.php?rest_route=\/wp\/v2\/posts\/5255","targetHints":{"allow":["GET"]}}],"collection":[{"href":"http:\/\/www.lippe-grundschule.de\/index.php?rest_route=\/wp\/v2\/posts"}],"about":[{"href":"http:\/\/www.lippe-grundschule.de\/index.php?rest_route=\/wp\/v2\/types\/post"}],"author":[{"embeddable":true,"href":"http:\/\/www.lippe-grundschule.de\/index.php?rest_route=\/wp\/v2\/users\/1"}],"replies":[{"embeddable":true,"href":"http:\/\/www.lippe-grundschule.de\/index.php?rest_route=%2Fwp%2Fv2%2Fcomments&post=5255"}],"version-history":[{"count":2,"href":"http:\/\/www.lippe-grundschule.de\/index.php?rest_route=\/wp\/v2\/posts\/5255\/revisions"}],"predecessor-version":[{"id":5258,"href":"http:\/\/www.lippe-grundschule.de\/index.php?rest_route=\/wp\/v2\/posts\/5255\/revisions\/5258"}],"wp:attachment":[{"href":"http:\/\/www.lippe-grundschule.de\/index.php?rest_route=%2Fwp%2Fv2%2Fmedia&parent=5255"}],"wp:term":[{"taxonomy":"category","embeddable":true,"href":"http:\/\/www.lippe-grundschule.de\/index.php?rest_route=%2Fwp%2Fv2%2Fcategories&post=5255"},{"taxonomy":"post_tag","embeddable":true,"href":"http:\/\/www.lippe-grundschule.de\/index.php?rest_route=%2Fwp%2Fv2%2Ftags&post=5255"}],"curies":[{"name":"wp","href":"https:\/\/api.w.org\/{rel}","templated":true}]}}