{"id":5329,"date":"2022-04-30T15:24:58","date_gmt":"2022-04-30T13:24:58","guid":{"rendered":"http:\/\/www.lippe-grundschule.de\/?p=5329"},"modified":"2022-05-09T21:26:22","modified_gmt":"2022-05-09T19:26:22","slug":"welttag-des-buches-2022","status":"publish","type":"post","link":"http:\/\/www.lippe-grundschule.de\/?p=5329","title":{"rendered":"Welttag des Buches 2022"},"content":{"rendered":"\n<p style=\"font-size:16px\">Zum &#8222;Welttag des Buches&#8220; gab es auch in diesem Jahr ein Buchgeschenk f\u00fcr alle Viertkl\u00e4ssler unserer Schule. Die Buch-Gutschein-Aktion &#8222;Ich schenk dir eine Geschichte&#8220; wird deutschlandweit durchgef\u00fchrt und erreicht insgesamt rund eine Million Sch\u00fclerinnen und Sch\u00fcler. <br>Dieses jahr war das Buchgeschenk ein Comicroman mit dem Titel &#8222;Iva, Samo und der geheime Hexensee&#8220;. Der Roman kam bei den Kindern richtig gut an. Viele waren sich einig, dass sie das Buch an andere Kinder weiterempfehlen w\u00fcrden. Es sei n\u00e4mlich gleichzeitig spannend, lustig und einfach cool.  Die Kampagne zur Lesef\u00f6rderung hat bei den Sch\u00fclerinnen und Sch\u00fclern der Lippe-Grundschule also ihr Ziel erreicht. Auch die Lehrkr\u00e4fte waren begeistert. In den Leset\u00fcten, die die Kinder geschenkt bekamen, waren nicht nur das Buch, sondern auch andere kleine \u00dcberraschungen rund ums Lesen versteckt. Sie wurden von der Buchhandlung &#8222;Der Buchalden&#8220; in Delbr\u00fcck liebevoll gepackt. Inhaberin Simone Kuhfu\u00df freute sich dar\u00fcber, an der Aktion mitzumachen und damit Lesefreude bei unserer jungen Leserschaft unterst\u00fctzen zu k\u00f6nnen.<\/p>\n\n\n\n<figure class=\"wp-block-gallery has-nested-images columns-default is-cropped wp-block-gallery-1 is-layout-flex wp-block-gallery-is-layout-flex\">\n<figure class=\"wp-block-image size-large\"><img loading=\"lazy\" decoding=\"async\" width=\"2560\" height=\"1925\" data-id=\"5336\" src=\"http:\/\/www.lippe-grundschule.de\/wp-content\/uploads\/2022\/04\/Buch-5-scaled.jpeg\" alt=\"\" class=\"wp-image-5336\" srcset=\"http:\/\/www.lippe-grundschule.de\/wp-content\/uploads\/2022\/04\/Buch-5-scaled.jpeg 2560w, http:\/\/www.lippe-grundschule.de\/wp-content\/uploads\/2022\/04\/Buch-5-300x226.jpeg 300w, http:\/\/www.lippe-grundschule.de\/wp-content\/uploads\/2022\/04\/Buch-5-1024x770.jpeg 1024w, http:\/\/www.lippe-grundschule.de\/wp-content\/uploads\/2022\/04\/Buch-5-150x113.jpeg 150w, http:\/\/www.lippe-grundschule.de\/wp-content\/uploads\/2022\/04\/Buch-5-1536x1155.jpeg 1536w, http:\/\/www.lippe-grundschule.de\/wp-content\/uploads\/2022\/04\/Buch-5-2048x1540.jpeg 2048w, http:\/\/www.lippe-grundschule.de\/wp-content\/uploads\/2022\/04\/Buch-5-624x469.jpeg 624w\" sizes=\"auto, (max-width: 2560px) 100vw, 2560px\" \/><\/figure>\n\n\n\n<figure class=\"wp-block-image size-large\"><img loading=\"lazy\" decoding=\"async\" width=\"2000\" height=\"1501\" data-id=\"5334\" src=\"http:\/\/www.lippe-grundschule.de\/wp-content\/uploads\/2022\/04\/Buch-3.jpeg\" alt=\"\" class=\"wp-image-5334\" srcset=\"http:\/\/www.lippe-grundschule.de\/wp-content\/uploads\/2022\/04\/Buch-3.jpeg 2000w, http:\/\/www.lippe-grundschule.de\/wp-content\/uploads\/2022\/04\/Buch-3-300x225.jpeg 300w, http:\/\/www.lippe-grundschule.de\/wp-content\/uploads\/2022\/04\/Buch-3-1024x769.jpeg 1024w, http:\/\/www.lippe-grundschule.de\/wp-content\/uploads\/2022\/04\/Buch-3-150x113.jpeg 150w, http:\/\/www.lippe-grundschule.de\/wp-content\/uploads\/2022\/04\/Buch-3-1536x1153.jpeg 1536w, http:\/\/www.lippe-grundschule.de\/wp-content\/uploads\/2022\/04\/Buch-3-624x468.jpeg 624w\" sizes=\"auto, (max-width: 2000px) 100vw, 2000px\" \/><\/figure>\n<\/figure>\n\n\n\n<p style=\"font-size:16px\">Helga Pundt, Mitarbeiterin der Buchhandlung, \u00fcbergab den Kolleginnen der vierten Klassen die B\u00fccher.<\/p>\n","protected":false},"excerpt":{"rendered":"<p>Zum &#8222;Welttag des Buches&#8220; gab es auch in diesem Jahr ein Buchgeschenk f\u00fcr alle Viertkl\u00e4ssler unserer Schule. Die Buch-Gutschein-Aktion &#8222;Ich schenk dir eine Geschichte&#8220; wird deutschlandweit durchgef\u00fchrt und erreicht insgesamt rund eine Million Sch\u00fclerinnen und Sch\u00fcler. Dieses jahr war das Buchgeschenk ein Comicroman mit dem Titel &#8222;Iva, Samo und der geheime Hexensee&#8220;. Der Roman kam [&hellip;]<\/p>\n","protected":false},"author":1,"featured_media":0,"comment_status":"closed","ping_status":"closed","sticky":false,"template":"","format":"standard","meta":{"footnotes":""},"categories":[328],"tags":[],"class_list":["post-5329","post","type-post","status-publish","format-standard","hentry","category-schuljahr-2021-2022"],"_links":{"self":[{"href":"http:\/\/www.lippe-grundschule.de\/index.php?rest_route=\/wp\/v2\/posts\/5329","targetHints":{"allow":["GET"]}}],"collection":[{"href":"http:\/\/www.lippe-grundschule.de\/index.php?rest_route=\/wp\/v2\/posts"}],"about":[{"href":"http:\/\/www.lippe-grundschule.de\/index.php?rest_route=\/wp\/v2\/types\/post"}],"author":[{"embeddable":true,"href":"http:\/\/www.lippe-grundschule.de\/index.php?rest_route=\/wp\/v2\/users\/1"}],"replies":[{"embeddable":true,"href":"http:\/\/www.lippe-grundschule.de\/index.php?rest_route=%2Fwp%2Fv2%2Fcomments&post=5329"}],"version-history":[{"count":9,"href":"http:\/\/www.lippe-grundschule.de\/index.php?rest_route=\/wp\/v2\/posts\/5329\/revisions"}],"predecessor-version":[{"id":5344,"href":"http:\/\/www.lippe-grundschule.de\/index.php?rest_route=\/wp\/v2\/posts\/5329\/revisions\/5344"}],"wp:attachment":[{"href":"http:\/\/www.lippe-grundschule.de\/index.php?rest_route=%2Fwp%2Fv2%2Fmedia&parent=5329"}],"wp:term":[{"taxonomy":"category","embeddable":true,"href":"http:\/\/www.lippe-grundschule.de\/index.php?rest_route=%2Fwp%2Fv2%2Fcategories&post=5329"},{"taxonomy":"post_tag","embeddable":true,"href":"http:\/\/www.lippe-grundschule.de\/index.php?rest_route=%2Fwp%2Fv2%2Ftags&post=5329"}],"curies":[{"name":"wp","href":"https:\/\/api.w.org\/{rel}","templated":true}]}}