{"id":5374,"date":"2022-10-17T18:16:21","date_gmt":"2022-10-17T16:16:21","guid":{"rendered":"http:\/\/www.lippe-grundschule.de\/?p=5374"},"modified":"2022-10-17T18:16:21","modified_gmt":"2022-10-17T16:16:21","slug":"ausflug-zum-hof-bulle-co-klasse-1a-und-1b","status":"publish","type":"post","link":"http:\/\/www.lippe-grundschule.de\/?p=5374","title":{"rendered":"Ausflug zum Hof \u201eBulle &#038; Co\u201c \u2013 Klasse 1a und 1b"},"content":{"rendered":"\n<p>Die Freude aller Kinder der 1. Schuljahre am Morgen des 28.9. war gro\u00df, da der allererste Schulausflug anstand. Es ging zu dem landwirtschaftlichen Betrieb der Familie Pahlsmeier in Boke \u201eBulle &amp; Co\u201c.<br>Die Familie, deren Sohn auch im 1. Schuljahr ist, hat uns eingeladen mit allen 58 Kindern der 1a und 1b zu ihnen zu kommen. Also machten wir uns morgens auf den Weg quer durch Boke. Dort wurden wir sehr herzlich von Frau und Herrn Pahlsmeier begr\u00fc\u00dft, die extra f\u00fcr uns einiges vorbereitet hatten.<br>Die 1 b ging zuerst mit Herrn Pahlsmeier zu einem Bullenstall und alle Kinder durften beim F\u00fcttern helfen. Die Kinder merkten gleich wie anstrengend es ist, das Futter vom Mittelgang n\u00e4her an die Bullen heranzuschieben. Herr Pahlsmeier erkl\u00e4rte und zeigte die verschiedenen Futtermittel und erstellte zusammen mit den Kindern ein Plakat, auf das die Futtersorten sogar aufgeklebt wurden.<br>Danach durften die Kinder zwischen die Silos einen Gang hochgehen und konnten von oben zuschauen, wie die Auszubildende mit einer gro\u00dfen Futtermaschine Silage auflud. Dann fuhr sie damit in den Stall und verteilte dort das Futter. Das war sehr spannend! Da die Bullen mit Maissilage gef\u00fcttert worden sind, gab es f\u00fcr die Kinder auch \u201eFutter aus Mais\u201c \u2013 Leckeres Popcorn f\u00fcr alle!<br>W\u00e4hrenddessen erkl\u00e4rte Frau Pahlsmeier der 1a die verschiedenen Obstb\u00e4ume auf dem Hof: Apfel-, Birnen und Kirschb\u00e4ume, die die Kinder auch anhand der Bl\u00e4tter unterscheiden sollten. Frau Pahlsmeier hatte extra dazu ein Plakat erstellt.<br>Dann ging es an die Arbeit: Es sollte Apfelsaft selbst gepresst werden. Zuerst mussten die Kinder die \u00c4pfel waschen und dann in den handbetriebenen H\u00e4cksler werfen. Nach dem die \u00c4pfel zerkleinder waren, kamen sie in die handbetriebene Apfelpresse. Jedes Kind konnte seinen Becher dann mit dem frischen Saft f\u00fcllen. Der Saft war sehr s\u00fc\u00df und konnte auch mit Wasser f\u00fcr eine Schorle gemischt werden.<br>Nachdem die Klassen die Stationen getauscht hatten, durften die Kinder fr\u00fchst\u00fccken. Als \u00dcberraschung gab es Kuchen f\u00fcr alle, die die Pflegschaftsvorsitzenden der 1. Schuljahre f\u00fcr die Kinder gebacken hatten. Danke!!!<br>Zum Schluss zeigte Frau Pahlsmeier allen den Verkaufswagen.<br>Es war ein sch\u00f6ner erster Ausflug und wir haben viele Einblicke in den landwirtschaftlichen Betrieb bekommen.<br>Vielen Dank an Familie Pahlsmeier, die uns diesen Ausflug erm\u00f6glicht hat und alles so liebevoll und aufw\u00e4ndig vorbereitet hat!!! VIELEN DANK!!!<\/p>\n\n\n\n<figure class=\"wp-block-gallery has-nested-images columns-default is-cropped wp-block-gallery-1 is-layout-flex wp-block-gallery-is-layout-flex\">\n<figure class=\"wp-block-image size-large is-style-rounded\"><img loading=\"lazy\" decoding=\"async\" width=\"480\" height=\"640\" data-id=\"5385\" src=\"http:\/\/www.lippe-grundschule.de\/wp-content\/uploads\/2022\/10\/IMG_9206-rotated.jpg\" alt=\"\" class=\"wp-image-5385\" srcset=\"http:\/\/www.lippe-grundschule.de\/wp-content\/uploads\/2022\/10\/IMG_9206-rotated.jpg 480w, http:\/\/www.lippe-grundschule.de\/wp-content\/uploads\/2022\/10\/IMG_9206-225x300.jpg 225w, http:\/\/www.lippe-grundschule.de\/wp-content\/uploads\/2022\/10\/IMG_9206-113x150.jpg 113w\" sizes=\"auto, (max-width: 480px) 100vw, 480px\" \/><\/figure>\n\n\n\n<figure class=\"wp-block-image size-large\"><img loading=\"lazy\" decoding=\"async\" width=\"480\" height=\"640\" data-id=\"5384\" src=\"http:\/\/www.lippe-grundschule.de\/wp-content\/uploads\/2022\/10\/IMG_9205-rotated.jpg\" alt=\"\" class=\"wp-image-5384\" srcset=\"http:\/\/www.lippe-grundschule.de\/wp-content\/uploads\/2022\/10\/IMG_9205-rotated.jpg 480w, http:\/\/www.lippe-grundschule.de\/wp-content\/uploads\/2022\/10\/IMG_9205-225x300.jpg 225w, http:\/\/www.lippe-grundschule.de\/wp-content\/uploads\/2022\/10\/IMG_9205-113x150.jpg 113w\" sizes=\"auto, (max-width: 480px) 100vw, 480px\" \/><\/figure>\n\n\n\n<figure class=\"wp-block-image size-large\"><img loading=\"lazy\" decoding=\"async\" width=\"640\" height=\"480\" data-id=\"5383\" src=\"http:\/\/www.lippe-grundschule.de\/wp-content\/uploads\/2022\/10\/IMG_9185.jpg\" alt=\"\" class=\"wp-image-5383\" srcset=\"http:\/\/www.lippe-grundschule.de\/wp-content\/uploads\/2022\/10\/IMG_9185.jpg 640w, http:\/\/www.lippe-grundschule.de\/wp-content\/uploads\/2022\/10\/IMG_9185-300x225.jpg 300w, http:\/\/www.lippe-grundschule.de\/wp-content\/uploads\/2022\/10\/IMG_9185-150x113.jpg 150w, http:\/\/www.lippe-grundschule.de\/wp-content\/uploads\/2022\/10\/IMG_9185-624x468.jpg 624w\" sizes=\"auto, (max-width: 640px) 100vw, 640px\" \/><\/figure>\n\n\n\n<figure class=\"wp-block-image size-large\"><img loading=\"lazy\" decoding=\"async\" width=\"480\" height=\"640\" data-id=\"5382\" src=\"http:\/\/www.lippe-grundschule.de\/wp-content\/uploads\/2022\/10\/IMG_9184-rotated.jpg\" alt=\"\" class=\"wp-image-5382\" srcset=\"http:\/\/www.lippe-grundschule.de\/wp-content\/uploads\/2022\/10\/IMG_9184-rotated.jpg 480w, http:\/\/www.lippe-grundschule.de\/wp-content\/uploads\/2022\/10\/IMG_9184-225x300.jpg 225w, http:\/\/www.lippe-grundschule.de\/wp-content\/uploads\/2022\/10\/IMG_9184-113x150.jpg 113w\" sizes=\"auto, (max-width: 480px) 100vw, 480px\" \/><\/figure>\n\n\n\n<figure class=\"wp-block-image size-large\"><img loading=\"lazy\" decoding=\"async\" width=\"640\" height=\"480\" data-id=\"5381\" src=\"http:\/\/www.lippe-grundschule.de\/wp-content\/uploads\/2022\/10\/IMG_9176.jpg\" alt=\"\" class=\"wp-image-5381\" srcset=\"http:\/\/www.lippe-grundschule.de\/wp-content\/uploads\/2022\/10\/IMG_9176.jpg 640w, http:\/\/www.lippe-grundschule.de\/wp-content\/uploads\/2022\/10\/IMG_9176-300x225.jpg 300w, http:\/\/www.lippe-grundschule.de\/wp-content\/uploads\/2022\/10\/IMG_9176-150x113.jpg 150w, http:\/\/www.lippe-grundschule.de\/wp-content\/uploads\/2022\/10\/IMG_9176-624x468.jpg 624w\" sizes=\"auto, (max-width: 640px) 100vw, 640px\" \/><\/figure>\n\n\n\n<figure class=\"wp-block-image size-large\"><img loading=\"lazy\" decoding=\"async\" width=\"480\" height=\"640\" data-id=\"5380\" src=\"http:\/\/www.lippe-grundschule.de\/wp-content\/uploads\/2022\/10\/IMG_9175-rotated.jpg\" alt=\"\" class=\"wp-image-5380\" srcset=\"http:\/\/www.lippe-grundschule.de\/wp-content\/uploads\/2022\/10\/IMG_9175-rotated.jpg 480w, http:\/\/www.lippe-grundschule.de\/wp-content\/uploads\/2022\/10\/IMG_9175-225x300.jpg 225w, http:\/\/www.lippe-grundschule.de\/wp-content\/uploads\/2022\/10\/IMG_9175-113x150.jpg 113w\" sizes=\"auto, (max-width: 480px) 100vw, 480px\" \/><\/figure>\n\n\n\n<figure class=\"wp-block-image size-large\"><img loading=\"lazy\" decoding=\"async\" width=\"640\" height=\"480\" data-id=\"5379\" src=\"http:\/\/www.lippe-grundschule.de\/wp-content\/uploads\/2022\/10\/IMG_9174.jpg\" alt=\"\" class=\"wp-image-5379\" srcset=\"http:\/\/www.lippe-grundschule.de\/wp-content\/uploads\/2022\/10\/IMG_9174.jpg 640w, http:\/\/www.lippe-grundschule.de\/wp-content\/uploads\/2022\/10\/IMG_9174-300x225.jpg 300w, http:\/\/www.lippe-grundschule.de\/wp-content\/uploads\/2022\/10\/IMG_9174-150x113.jpg 150w, http:\/\/www.lippe-grundschule.de\/wp-content\/uploads\/2022\/10\/IMG_9174-624x468.jpg 624w\" sizes=\"auto, (max-width: 640px) 100vw, 640px\" \/><\/figure>\n\n\n\n<figure class=\"wp-block-image size-large\"><img loading=\"lazy\" decoding=\"async\" width=\"640\" height=\"480\" data-id=\"5378\" src=\"http:\/\/www.lippe-grundschule.de\/wp-content\/uploads\/2022\/10\/IMG_9173.jpg\" alt=\"Fotos des Ausflugs\" class=\"wp-image-5378\" srcset=\"http:\/\/www.lippe-grundschule.de\/wp-content\/uploads\/2022\/10\/IMG_9173.jpg 640w, http:\/\/www.lippe-grundschule.de\/wp-content\/uploads\/2022\/10\/IMG_9173-300x225.jpg 300w, http:\/\/www.lippe-grundschule.de\/wp-content\/uploads\/2022\/10\/IMG_9173-150x113.jpg 150w, http:\/\/www.lippe-grundschule.de\/wp-content\/uploads\/2022\/10\/IMG_9173-624x468.jpg 624w\" sizes=\"auto, (max-width: 640px) 100vw, 640px\" \/><\/figure>\n<\/figure>\n\n\n\n<figure class=\"wp-block-gallery has-nested-images columns-default is-cropped wp-block-gallery-2 is-layout-flex wp-block-gallery-is-layout-flex\"><\/figure>\n","protected":false},"excerpt":{"rendered":"<p>Die Freude aller Kinder der 1. Schuljahre am Morgen des 28.9. war gro\u00df, da der allererste Schulausflug anstand. Es ging zu dem landwirtschaftlichen Betrieb der Familie Pahlsmeier in Boke \u201eBulle &amp; Co\u201c.Die Familie, deren Sohn auch im 1. Schuljahr ist, hat uns eingeladen mit allen 58 Kindern der 1a und 1b zu ihnen zu kommen. [&hellip;]<\/p>\n","protected":false},"author":1,"featured_media":0,"comment_status":"closed","ping_status":"closed","sticky":false,"template":"","format":"standard","meta":{"footnotes":""},"categories":[348],"tags":[351],"class_list":["post-5374","post","type-post","status-publish","format-standard","hentry","category-schuljahr-2022-2023","tag-ausflug-jahrgang-1"],"_links":{"self":[{"href":"http:\/\/www.lippe-grundschule.de\/index.php?rest_route=\/wp\/v2\/posts\/5374","targetHints":{"allow":["GET"]}}],"collection":[{"href":"http:\/\/www.lippe-grundschule.de\/index.php?rest_route=\/wp\/v2\/posts"}],"about":[{"href":"http:\/\/www.lippe-grundschule.de\/index.php?rest_route=\/wp\/v2\/types\/post"}],"author":[{"embeddable":true,"href":"http:\/\/www.lippe-grundschule.de\/index.php?rest_route=\/wp\/v2\/users\/1"}],"replies":[{"embeddable":true,"href":"http:\/\/www.lippe-grundschule.de\/index.php?rest_route=%2Fwp%2Fv2%2Fcomments&post=5374"}],"version-history":[{"count":5,"href":"http:\/\/www.lippe-grundschule.de\/index.php?rest_route=\/wp\/v2\/posts\/5374\/revisions"}],"predecessor-version":[{"id":5387,"href":"http:\/\/www.lippe-grundschule.de\/index.php?rest_route=\/wp\/v2\/posts\/5374\/revisions\/5387"}],"wp:attachment":[{"href":"http:\/\/www.lippe-grundschule.de\/index.php?rest_route=%2Fwp%2Fv2%2Fmedia&parent=5374"}],"wp:term":[{"taxonomy":"category","embeddable":true,"href":"http:\/\/www.lippe-grundschule.de\/index.php?rest_route=%2Fwp%2Fv2%2Fcategories&post=5374"},{"taxonomy":"post_tag","embeddable":true,"href":"http:\/\/www.lippe-grundschule.de\/index.php?rest_route=%2Fwp%2Fv2%2Ftags&post=5374"}],"curies":[{"name":"wp","href":"https:\/\/api.w.org\/{rel}","templated":true}]}}