{"id":5413,"date":"2022-12-06T15:39:32","date_gmt":"2022-12-06T14:39:32","guid":{"rendered":"http:\/\/www.lippe-grundschule.de\/?p=5413"},"modified":"2022-12-06T15:39:32","modified_gmt":"2022-12-06T14:39:32","slug":"der-nikolaustag-in-der-lippe-grundschule","status":"publish","type":"post","link":"http:\/\/www.lippe-grundschule.de\/?p=5413","title":{"rendered":"Der Nikolaustag in der Lippe-Grundschule"},"content":{"rendered":"\n<div class=\"wp-block-columns is-layout-flex wp-container-core-columns-is-layout-9d6595d7 wp-block-columns-is-layout-flex\">\n<div class=\"wp-block-column is-layout-flow wp-block-column-is-layout-flow\">\n<figure class=\"wp-block-image size-full\"><img loading=\"lazy\" decoding=\"async\" width=\"480\" height=\"640\" src=\"http:\/\/www.lippe-grundschule.de\/wp-content\/uploads\/2022\/12\/IMG_9680-rotated.jpeg\" alt=\"\" class=\"wp-image-5411\" srcset=\"http:\/\/www.lippe-grundschule.de\/wp-content\/uploads\/2022\/12\/IMG_9680-rotated.jpeg 480w, http:\/\/www.lippe-grundschule.de\/wp-content\/uploads\/2022\/12\/IMG_9680-225x300.jpeg 225w, http:\/\/www.lippe-grundschule.de\/wp-content\/uploads\/2022\/12\/IMG_9680-113x150.jpeg 113w\" sizes=\"auto, (max-width: 480px) 100vw, 480px\" \/><\/figure>\n<\/div>\n\n\n\n<div class=\"wp-block-column is-layout-flow wp-block-column-is-layout-flow\">\n<figure class=\"wp-block-image size-large\"><img loading=\"lazy\" decoding=\"async\" width=\"682\" height=\"1024\" src=\"http:\/\/www.lippe-grundschule.de\/wp-content\/uploads\/2022\/12\/Nikolaus-2022-Ph-Em-682x1024.jpg\" alt=\"\" class=\"wp-image-5412\" srcset=\"http:\/\/www.lippe-grundschule.de\/wp-content\/uploads\/2022\/12\/Nikolaus-2022-Ph-Em-682x1024.jpg 682w, http:\/\/www.lippe-grundschule.de\/wp-content\/uploads\/2022\/12\/Nikolaus-2022-Ph-Em-200x300.jpg 200w, http:\/\/www.lippe-grundschule.de\/wp-content\/uploads\/2022\/12\/Nikolaus-2022-Ph-Em-100x150.jpg 100w, http:\/\/www.lippe-grundschule.de\/wp-content\/uploads\/2022\/12\/Nikolaus-2022-Ph-Em-1023x1536.jpg 1023w, http:\/\/www.lippe-grundschule.de\/wp-content\/uploads\/2022\/12\/Nikolaus-2022-Ph-Em-1364x2048.jpg 1364w, http:\/\/www.lippe-grundschule.de\/wp-content\/uploads\/2022\/12\/Nikolaus-2022-Ph-Em-624x937.jpg 624w, http:\/\/www.lippe-grundschule.de\/wp-content\/uploads\/2022\/12\/Nikolaus-2022-Ph-Em.jpg 1497w\" sizes=\"auto, (max-width: 682px) 100vw, 682px\" \/><\/figure>\n<\/div>\n<\/div>\n\n\n\n<p style=\"font-size:16px\">&#8222;Der Nikolaus ist hier, schon klopft es an der T\u00fcr. Wir rufen laut herein, da &#8230;&#8220;<\/p>\n\n\n\n<p style=\"font-size:16px\">So klang es aus mehr als einem Klassenraum der Lippegrundschule. Leider trat kein Nikolaus ein, aber es fand sich ein gro\u00dfer Stutenkerl als Geschenk von ihm. In allen Klassen wurde der Nikolaustag mit Gedichten oder Liedern gefeiert. Die Kinder freuten sich sehr \u00fcber die leckere \u00dcberraschung zum Fr\u00fchst\u00fcck. <\/p>\n","protected":false},"excerpt":{"rendered":"<p>&#8222;Der Nikolaus ist hier, schon klopft es an der T\u00fcr. Wir rufen laut herein, da &#8230;&#8220; So klang es aus mehr als einem Klassenraum der Lippegrundschule. Leider trat kein Nikolaus ein, aber es fand sich ein gro\u00dfer Stutenkerl als Geschenk von ihm. In allen Klassen wurde der Nikolaustag mit Gedichten oder Liedern gefeiert. Die Kinder [&hellip;]<\/p>\n","protected":false},"author":1,"featured_media":0,"comment_status":"closed","ping_status":"closed","sticky":false,"template":"","format":"standard","meta":{"footnotes":""},"categories":[328],"tags":[],"class_list":["post-5413","post","type-post","status-publish","format-standard","hentry","category-schuljahr-2021-2022"],"_links":{"self":[{"href":"http:\/\/www.lippe-grundschule.de\/index.php?rest_route=\/wp\/v2\/posts\/5413","targetHints":{"allow":["GET"]}}],"collection":[{"href":"http:\/\/www.lippe-grundschule.de\/index.php?rest_route=\/wp\/v2\/posts"}],"about":[{"href":"http:\/\/www.lippe-grundschule.de\/index.php?rest_route=\/wp\/v2\/types\/post"}],"author":[{"embeddable":true,"href":"http:\/\/www.lippe-grundschule.de\/index.php?rest_route=\/wp\/v2\/users\/1"}],"replies":[{"embeddable":true,"href":"http:\/\/www.lippe-grundschule.de\/index.php?rest_route=%2Fwp%2Fv2%2Fcomments&post=5413"}],"version-history":[{"count":4,"href":"http:\/\/www.lippe-grundschule.de\/index.php?rest_route=\/wp\/v2\/posts\/5413\/revisions"}],"predecessor-version":[{"id":5417,"href":"http:\/\/www.lippe-grundschule.de\/index.php?rest_route=\/wp\/v2\/posts\/5413\/revisions\/5417"}],"wp:attachment":[{"href":"http:\/\/www.lippe-grundschule.de\/index.php?rest_route=%2Fwp%2Fv2%2Fmedia&parent=5413"}],"wp:term":[{"taxonomy":"category","embeddable":true,"href":"http:\/\/www.lippe-grundschule.de\/index.php?rest_route=%2Fwp%2Fv2%2Fcategories&post=5413"},{"taxonomy":"post_tag","embeddable":true,"href":"http:\/\/www.lippe-grundschule.de\/index.php?rest_route=%2Fwp%2Fv2%2Ftags&post=5413"}],"curies":[{"name":"wp","href":"https:\/\/api.w.org\/{rel}","templated":true}]}}