{"id":5464,"date":"2023-03-07T15:29:18","date_gmt":"2023-03-07T14:29:18","guid":{"rendered":"http:\/\/www.lippe-grundschule.de\/?p=5464"},"modified":"2023-03-07T16:00:05","modified_gmt":"2023-03-07T15:00:05","slug":"projekt-energiesparen-macht-schule","status":"publish","type":"post","link":"http:\/\/www.lippe-grundschule.de\/?p=5464","title":{"rendered":"&#8222;Energiesparen macht Schule&#8220;"},"content":{"rendered":"\n<div class=\"wp-block-media-text alignwide is-stacked-on-mobile\" style=\"grid-template-columns:30% auto\"><figure class=\"wp-block-media-text__media\"><img loading=\"lazy\" decoding=\"async\" width=\"300\" height=\"301\" src=\"http:\/\/www.lippe-grundschule.de\/wp-content\/uploads\/2023\/03\/webLOGOKLima-1.png\" alt=\"\" class=\"wp-image-5468 size-full\" srcset=\"http:\/\/www.lippe-grundschule.de\/wp-content\/uploads\/2023\/03\/webLOGOKLima-1.png 300w, http:\/\/www.lippe-grundschule.de\/wp-content\/uploads\/2023\/03\/webLOGOKLima-1-150x150.png 150w\" sizes=\"auto, (max-width: 300px) 100vw, 300px\" \/><\/figure><div class=\"wp-block-media-text__content\">\n<p style=\"font-size:16px\">Seit dem 01.02.2022 nimmt unsere Schule, so wie die anderen Delbr\u00fccker Schulen und die st\u00e4dtischen Kinderg\u00e4rten, an dem Energiesparprojekt \u201eEnergiesparen macht Schule\u201c in Delbr\u00fcck teil. Das Projekt wird f\u00fcr vier Jahre vom Bundesministerium f\u00fcr Umwelt, Naturschutz und nukleare Sicherheit (BMU) gef\u00f6rdert.<\/p>\n<\/div><\/div>\n\n\n\n<p style=\"font-size:16px\">Was wird im Rahmen des Projektes gemacht?<br>Gemeinsam mit den Kindern und Jugendlichen sowie den Tr\u00e4gern der jeweiligen Bildungseinrichtungen werden Ma\u00dfnahmen zur Einsparung von Energie umgesetzt. Ansatzpunkt ist die Sensibilisierung f\u00fcr energiesparendes Nutzerverhalten. Parallel dazu werden die Verbrauchsdaten f\u00fcr Strom, W\u00e4rme und Wasser regelm\u00e4\u00dfig erhoben und ausgewertet.<br>Die Teilnahme am Projekt lohnt sich, denn aktive Einrichtungen erhalten j\u00e4hrlich eine Pr\u00e4mie, welche sich nach dem Umfang des Engagements bemisst. Alle Einrichtungen werden von Mitarbeiter*innen des Bielefelder e&amp;u energieb\u00fcros fachlich begleitet und unterst\u00fctzt.<\/p>\n\n\n\n<p style=\"font-size:18px\"><\/p>\n","protected":false},"excerpt":{"rendered":"<p>Seit dem 01.02.2022 nimmt unsere Schule, so wie die anderen Delbr\u00fccker Schulen und die st\u00e4dtischen Kinderg\u00e4rten, an dem Energiesparprojekt \u201eEnergiesparen macht Schule\u201c in Delbr\u00fcck teil. Das Projekt wird f\u00fcr vier Jahre vom Bundesministerium f\u00fcr Umwelt, Naturschutz und nukleare Sicherheit (BMU) gef\u00f6rdert. Was wird im Rahmen des Projektes gemacht?Gemeinsam mit den Kindern und Jugendlichen sowie den [&hellip;]<\/p>\n","protected":false},"author":1,"featured_media":0,"comment_status":"closed","ping_status":"closed","sticky":false,"template":"","format":"standard","meta":{"footnotes":""},"categories":[348],"tags":[354,355,65],"class_list":["post-5464","post","type-post","status-publish","format-standard","hentry","category-schuljahr-2022-2023","tag-energiesparen","tag-energiesparen-macht-schule","tag-projektwoche"],"_links":{"self":[{"href":"http:\/\/www.lippe-grundschule.de\/index.php?rest_route=\/wp\/v2\/posts\/5464","targetHints":{"allow":["GET"]}}],"collection":[{"href":"http:\/\/www.lippe-grundschule.de\/index.php?rest_route=\/wp\/v2\/posts"}],"about":[{"href":"http:\/\/www.lippe-grundschule.de\/index.php?rest_route=\/wp\/v2\/types\/post"}],"author":[{"embeddable":true,"href":"http:\/\/www.lippe-grundschule.de\/index.php?rest_route=\/wp\/v2\/users\/1"}],"replies":[{"embeddable":true,"href":"http:\/\/www.lippe-grundschule.de\/index.php?rest_route=%2Fwp%2Fv2%2Fcomments&post=5464"}],"version-history":[{"count":3,"href":"http:\/\/www.lippe-grundschule.de\/index.php?rest_route=\/wp\/v2\/posts\/5464\/revisions"}],"predecessor-version":[{"id":5469,"href":"http:\/\/www.lippe-grundschule.de\/index.php?rest_route=\/wp\/v2\/posts\/5464\/revisions\/5469"}],"wp:attachment":[{"href":"http:\/\/www.lippe-grundschule.de\/index.php?rest_route=%2Fwp%2Fv2%2Fmedia&parent=5464"}],"wp:term":[{"taxonomy":"category","embeddable":true,"href":"http:\/\/www.lippe-grundschule.de\/index.php?rest_route=%2Fwp%2Fv2%2Fcategories&post=5464"},{"taxonomy":"post_tag","embeddable":true,"href":"http:\/\/www.lippe-grundschule.de\/index.php?rest_route=%2Fwp%2Fv2%2Ftags&post=5464"}],"curies":[{"name":"wp","href":"https:\/\/api.w.org\/{rel}","templated":true}]}}