{"id":5535,"date":"2023-03-30T16:13:29","date_gmt":"2023-03-30T14:13:29","guid":{"rendered":"http:\/\/www.lippe-grundschule.de\/?p=5535"},"modified":"2023-04-12T09:03:23","modified_gmt":"2023-04-12T07:03:23","slug":"klimabaum-an-lippe-grundschule-gepflanzt","status":"publish","type":"post","link":"http:\/\/www.lippe-grundschule.de\/?p=5535","title":{"rendered":"Klimabaum an Lippe-Grundschule gepflanzt"},"content":{"rendered":"\n<p style=\"font-size:16px\">In der Projektwoche &#8222;Klimaschutz &#8211; wir sch\u00fctzen unsere Umwelt&#8220; pflanzten die Mitarbeiter des Bauhofs Delbr\u00fcck am 30. M\u00e4rz 2023 mit Hilfe der Kinder des Jahrgangs 4 auf dem Schulgel\u00e4nde einen Klimabaum. So wird der der Kiri- oder auch Blauglockenbaum genannt, weil er schnell w\u00e4chst, der Luft viel CO2 entzieht und in Biomasse umwandelt.<br>Einen ausf\u00fchrlichen Bericht dazu werden die Kinder noch schreiben und an dieser Stelle ver\u00f6ffentlichen. Im weiteren Verlauf der Woche werden im nahegelegenen W\u00e4ldchen noch viele kleine einheimische Baumsetzlinge gepflanzt. Dar\u00fcber werden wir auch berichten.<br>Ein herzliches &#8222;Dankesch\u00f6n&#8220; sagen wir Herrn Kr\u00e4mmer (Bauhof), Herrn Bentler (Heimatverein) und Herrn Sch\u00e4fermeier (Kirchenvorstand), die die Aktion aktiv unterst\u00fctzt und m\u00f6glich gemacht haben.<\/p>\n\n\n\n<figure class=\"wp-block-gallery has-nested-images columns-default is-cropped wp-block-gallery-1 is-layout-flex wp-block-gallery-is-layout-flex\">\n<figure class=\"wp-block-image size-large\"><img loading=\"lazy\" decoding=\"async\" width=\"1024\" height=\"768\" data-id=\"5566\" src=\"http:\/\/www.lippe-grundschule.de\/wp-content\/uploads\/2023\/04\/20230330_135859000-1024x768.png\" alt=\"\" class=\"wp-image-5566\" srcset=\"http:\/\/www.lippe-grundschule.de\/wp-content\/uploads\/2023\/04\/20230330_135859000-1024x768.png 1024w, http:\/\/www.lippe-grundschule.de\/wp-content\/uploads\/2023\/04\/20230330_135859000-300x225.png 300w, http:\/\/www.lippe-grundschule.de\/wp-content\/uploads\/2023\/04\/20230330_135859000-150x113.png 150w, http:\/\/www.lippe-grundschule.de\/wp-content\/uploads\/2023\/04\/20230330_135859000-1536x1152.png 1536w, http:\/\/www.lippe-grundschule.de\/wp-content\/uploads\/2023\/04\/20230330_135859000-2048x1536.png 2048w, http:\/\/www.lippe-grundschule.de\/wp-content\/uploads\/2023\/04\/20230330_135859000-624x468.png 624w\" sizes=\"auto, (max-width: 1024px) 100vw, 1024px\" \/><\/figure>\n\n\n\n<figure class=\"wp-block-image size-large\"><img loading=\"lazy\" decoding=\"async\" width=\"1024\" height=\"768\" data-id=\"5543\" src=\"http:\/\/www.lippe-grundschule.de\/wp-content\/uploads\/2023\/03\/20230330_135923000_iOS-1024x768.png\" alt=\"\" class=\"wp-image-5543\" srcset=\"http:\/\/www.lippe-grundschule.de\/wp-content\/uploads\/2023\/03\/20230330_135923000_iOS-1024x768.png 1024w, http:\/\/www.lippe-grundschule.de\/wp-content\/uploads\/2023\/03\/20230330_135923000_iOS-300x225.png 300w, http:\/\/www.lippe-grundschule.de\/wp-content\/uploads\/2023\/03\/20230330_135923000_iOS-150x113.png 150w, http:\/\/www.lippe-grundschule.de\/wp-content\/uploads\/2023\/03\/20230330_135923000_iOS-1536x1152.png 1536w, http:\/\/www.lippe-grundschule.de\/wp-content\/uploads\/2023\/03\/20230330_135923000_iOS-2048x1536.png 2048w, http:\/\/www.lippe-grundschule.de\/wp-content\/uploads\/2023\/03\/20230330_135923000_iOS-624x468.png 624w\" sizes=\"auto, (max-width: 1024px) 100vw, 1024px\" \/><\/figure>\n\n\n\n<figure class=\"wp-block-image size-large\"><img loading=\"lazy\" decoding=\"async\" width=\"837\" height=\"1024\" data-id=\"5567\" src=\"http:\/\/www.lippe-grundschule.de\/wp-content\/uploads\/2023\/04\/20230330_140000000-837x1024.jpg\" alt=\"\" class=\"wp-image-5567\" srcset=\"http:\/\/www.lippe-grundschule.de\/wp-content\/uploads\/2023\/04\/20230330_140000000-837x1024.jpg 837w, http:\/\/www.lippe-grundschule.de\/wp-content\/uploads\/2023\/04\/20230330_140000000-245x300.jpg 245w, http:\/\/www.lippe-grundschule.de\/wp-content\/uploads\/2023\/04\/20230330_140000000-123x150.jpg 123w, http:\/\/www.lippe-grundschule.de\/wp-content\/uploads\/2023\/04\/20230330_140000000-1255x1536.jpg 1255w, http:\/\/www.lippe-grundschule.de\/wp-content\/uploads\/2023\/04\/20230330_140000000-624x764.jpg 624w, http:\/\/www.lippe-grundschule.de\/wp-content\/uploads\/2023\/04\/20230330_140000000.jpg 1324w\" sizes=\"auto, (max-width: 837px) 100vw, 837px\" \/><\/figure>\n\n\n\n<figure class=\"wp-block-image size-large\"><img loading=\"lazy\" decoding=\"async\" width=\"753\" height=\"1024\" data-id=\"5538\" src=\"http:\/\/www.lippe-grundschule.de\/wp-content\/uploads\/2023\/03\/20230330_140025000_iOS-753x1024.jpg\" alt=\"\" class=\"wp-image-5538\" srcset=\"http:\/\/www.lippe-grundschule.de\/wp-content\/uploads\/2023\/03\/20230330_140025000_iOS-753x1024.jpg 753w, http:\/\/www.lippe-grundschule.de\/wp-content\/uploads\/2023\/03\/20230330_140025000_iOS-221x300.jpg 221w, http:\/\/www.lippe-grundschule.de\/wp-content\/uploads\/2023\/03\/20230330_140025000_iOS-110x150.jpg 110w, http:\/\/www.lippe-grundschule.de\/wp-content\/uploads\/2023\/03\/20230330_140025000_iOS-1130x1536.jpg 1130w, http:\/\/www.lippe-grundschule.de\/wp-content\/uploads\/2023\/03\/20230330_140025000_iOS-624x848.jpg 624w, http:\/\/www.lippe-grundschule.de\/wp-content\/uploads\/2023\/03\/20230330_140025000_iOS.jpg 1192w\" sizes=\"auto, (max-width: 753px) 100vw, 753px\" \/><\/figure>\n\n\n\n<figure class=\"wp-block-image size-large\"><img loading=\"lazy\" decoding=\"async\" width=\"1024\" height=\"768\" data-id=\"5564\" src=\"http:\/\/www.lippe-grundschule.de\/wp-content\/uploads\/2023\/04\/20230330_135949000-1024x768.png\" alt=\"\" class=\"wp-image-5564\" srcset=\"http:\/\/www.lippe-grundschule.de\/wp-content\/uploads\/2023\/04\/20230330_135949000-1024x768.png 1024w, http:\/\/www.lippe-grundschule.de\/wp-content\/uploads\/2023\/04\/20230330_135949000-300x225.png 300w, http:\/\/www.lippe-grundschule.de\/wp-content\/uploads\/2023\/04\/20230330_135949000-150x113.png 150w, http:\/\/www.lippe-grundschule.de\/wp-content\/uploads\/2023\/04\/20230330_135949000-1536x1152.png 1536w, http:\/\/www.lippe-grundschule.de\/wp-content\/uploads\/2023\/04\/20230330_135949000-2048x1536.png 2048w, http:\/\/www.lippe-grundschule.de\/wp-content\/uploads\/2023\/04\/20230330_135949000-624x468.png 624w\" sizes=\"auto, (max-width: 1024px) 100vw, 1024px\" \/><\/figure>\n\n\n\n<figure class=\"wp-block-image size-large\"><img loading=\"lazy\" decoding=\"async\" width=\"869\" height=\"1024\" data-id=\"5540\" src=\"http:\/\/www.lippe-grundschule.de\/wp-content\/uploads\/2023\/03\/20230330_140101000_iOS-869x1024.jpg\" alt=\"\" class=\"wp-image-5540\" srcset=\"http:\/\/www.lippe-grundschule.de\/wp-content\/uploads\/2023\/03\/20230330_140101000_iOS-869x1024.jpg 869w, http:\/\/www.lippe-grundschule.de\/wp-content\/uploads\/2023\/03\/20230330_140101000_iOS-255x300.jpg 255w, http:\/\/www.lippe-grundschule.de\/wp-content\/uploads\/2023\/03\/20230330_140101000_iOS-127x150.jpg 127w, http:\/\/www.lippe-grundschule.de\/wp-content\/uploads\/2023\/03\/20230330_140101000_iOS-1304x1536.jpg 1304w, http:\/\/www.lippe-grundschule.de\/wp-content\/uploads\/2023\/03\/20230330_140101000_iOS-624x735.jpg 624w, http:\/\/www.lippe-grundschule.de\/wp-content\/uploads\/2023\/03\/20230330_140101000_iOS.jpg 1375w\" sizes=\"auto, (max-width: 869px) 100vw, 869px\" \/><\/figure>\n\n\n\n<figure class=\"wp-block-image size-large\"><img loading=\"lazy\" decoding=\"async\" width=\"1024\" height=\"738\" data-id=\"5565\" src=\"http:\/\/www.lippe-grundschule.de\/wp-content\/uploads\/2023\/04\/20230330_140121000-1024x738.jpg\" alt=\"\" class=\"wp-image-5565\" srcset=\"http:\/\/www.lippe-grundschule.de\/wp-content\/uploads\/2023\/04\/20230330_140121000-1024x738.jpg 1024w, http:\/\/www.lippe-grundschule.de\/wp-content\/uploads\/2023\/04\/20230330_140121000-300x216.jpg 300w, http:\/\/www.lippe-grundschule.de\/wp-content\/uploads\/2023\/04\/20230330_140121000-150x108.jpg 150w, http:\/\/www.lippe-grundschule.de\/wp-content\/uploads\/2023\/04\/20230330_140121000-1536x1106.jpg 1536w, http:\/\/www.lippe-grundschule.de\/wp-content\/uploads\/2023\/04\/20230330_140121000-2048x1475.jpg 2048w, http:\/\/www.lippe-grundschule.de\/wp-content\/uploads\/2023\/04\/20230330_140121000-624x450.jpg 624w\" sizes=\"auto, (max-width: 1024px) 100vw, 1024px\" \/><\/figure>\n<\/figure>\n","protected":false},"excerpt":{"rendered":"<p>In der Projektwoche &#8222;Klimaschutz &#8211; wir sch\u00fctzen unsere Umwelt&#8220; pflanzten die Mitarbeiter des Bauhofs Delbr\u00fcck am 30. M\u00e4rz 2023 mit Hilfe der Kinder des Jahrgangs 4 auf dem Schulgel\u00e4nde einen Klimabaum. So wird der der Kiri- oder auch Blauglockenbaum genannt, weil er schnell w\u00e4chst, der Luft viel CO2 entzieht und in Biomasse umwandelt.Einen ausf\u00fchrlichen Bericht [&hellip;]<\/p>\n","protected":false},"author":1,"featured_media":0,"comment_status":"closed","ping_status":"closed","sticky":false,"template":"","format":"standard","meta":{"footnotes":""},"categories":[348],"tags":[357,358,356,65],"class_list":["post-5535","post","type-post","status-publish","format-standard","hentry","category-schuljahr-2022-2023","tag-kiri-baum","tag-klimabaum","tag-klimaschutz","tag-projektwoche"],"_links":{"self":[{"href":"http:\/\/www.lippe-grundschule.de\/index.php?rest_route=\/wp\/v2\/posts\/5535","targetHints":{"allow":["GET"]}}],"collection":[{"href":"http:\/\/www.lippe-grundschule.de\/index.php?rest_route=\/wp\/v2\/posts"}],"about":[{"href":"http:\/\/www.lippe-grundschule.de\/index.php?rest_route=\/wp\/v2\/types\/post"}],"author":[{"embeddable":true,"href":"http:\/\/www.lippe-grundschule.de\/index.php?rest_route=\/wp\/v2\/users\/1"}],"replies":[{"embeddable":true,"href":"http:\/\/www.lippe-grundschule.de\/index.php?rest_route=%2Fwp%2Fv2%2Fcomments&post=5535"}],"version-history":[{"count":8,"href":"http:\/\/www.lippe-grundschule.de\/index.php?rest_route=\/wp\/v2\/posts\/5535\/revisions"}],"predecessor-version":[{"id":5569,"href":"http:\/\/www.lippe-grundschule.de\/index.php?rest_route=\/wp\/v2\/posts\/5535\/revisions\/5569"}],"wp:attachment":[{"href":"http:\/\/www.lippe-grundschule.de\/index.php?rest_route=%2Fwp%2Fv2%2Fmedia&parent=5535"}],"wp:term":[{"taxonomy":"category","embeddable":true,"href":"http:\/\/www.lippe-grundschule.de\/index.php?rest_route=%2Fwp%2Fv2%2Fcategories&post=5535"},{"taxonomy":"post_tag","embeddable":true,"href":"http:\/\/www.lippe-grundschule.de\/index.php?rest_route=%2Fwp%2Fv2%2Ftags&post=5535"}],"curies":[{"name":"wp","href":"https:\/\/api.w.org\/{rel}","templated":true}]}}