{"id":5599,"date":"2023-03-28T17:16:35","date_gmt":"2023-03-28T15:16:35","guid":{"rendered":"http:\/\/www.lippe-grundschule.de\/?p=5599"},"modified":"2023-04-25T17:17:42","modified_gmt":"2023-04-25T15:17:42","slug":"autorenlesung-ueber-die-kuh-lieselotte","status":"publish","type":"post","link":"http:\/\/www.lippe-grundschule.de\/?p=5599","title":{"rendered":"Autorenlesung \u00fcber &#8222;die Kuh Lieselotte&#8220;"},"content":{"rendered":"\n<p style=\"font-size:16px\">Im Rahmen der Kinderbuchwoche besuchte der Autor Alexander Steffensmeier am 15.3.2023 unsere Schule. Die Kinder der Klassen 2a und 2b bekamen die M\u00f6glichkeit an seiner Autorenlesung teilzunehmen. Herr Steffensmeier las den Kindern aus seinen Bilderb\u00fcchern \u201eLieselotte lauert\u201c und \u201e Ein Platz nur f\u00fcr Lieselotte\u201c vor. Die Zweitkl\u00e4ssler h\u00f6rten interessiert zu und waren von den Geschichten der Kuh Lieselotte begeistert. Am Ende der Lesung malte der Autor f\u00fcr die Kinder die Kuh Lieselotte, den Postboten, ein Schwein und mehrere H\u00fchner. Vielen Dank f\u00fcr die tolle Auszeit aus dem Unterrichtsalltag!<\/p>\n\n\n\n<figure class=\"wp-block-image size-large\"><img loading=\"lazy\" decoding=\"async\" width=\"1024\" height=\"619\" src=\"http:\/\/www.lippe-grundschule.de\/wp-content\/uploads\/2023\/04\/Kuh-Lieselotte-1024x619.jpg\" alt=\"\" class=\"wp-image-5600\" srcset=\"http:\/\/www.lippe-grundschule.de\/wp-content\/uploads\/2023\/04\/Kuh-Lieselotte-1024x619.jpg 1024w, http:\/\/www.lippe-grundschule.de\/wp-content\/uploads\/2023\/04\/Kuh-Lieselotte-300x181.jpg 300w, http:\/\/www.lippe-grundschule.de\/wp-content\/uploads\/2023\/04\/Kuh-Lieselotte-150x91.jpg 150w, http:\/\/www.lippe-grundschule.de\/wp-content\/uploads\/2023\/04\/Kuh-Lieselotte-624x377.jpg 624w, http:\/\/www.lippe-grundschule.de\/wp-content\/uploads\/2023\/04\/Kuh-Lieselotte.jpg 1221w\" sizes=\"auto, (max-width: 1024px) 100vw, 1024px\" \/><\/figure>\n","protected":false},"excerpt":{"rendered":"<p>Im Rahmen der Kinderbuchwoche besuchte der Autor Alexander Steffensmeier am 15.3.2023 unsere Schule. Die Kinder der Klassen 2a und 2b bekamen die M\u00f6glichkeit an seiner Autorenlesung teilzunehmen. Herr Steffensmeier las den Kindern aus seinen Bilderb\u00fcchern \u201eLieselotte lauert\u201c und \u201e Ein Platz nur f\u00fcr Lieselotte\u201c vor. Die Zweitkl\u00e4ssler h\u00f6rten interessiert zu und waren von den Geschichten [&hellip;]<\/p>\n","protected":false},"author":1,"featured_media":0,"comment_status":"closed","ping_status":"closed","sticky":false,"template":"","format":"standard","meta":{"footnotes":""},"categories":[348],"tags":[167,360],"class_list":["post-5599","post","type-post","status-publish","format-standard","hentry","category-schuljahr-2022-2023","tag-kuh-lieselotte","tag-steffensmeier"],"_links":{"self":[{"href":"http:\/\/www.lippe-grundschule.de\/index.php?rest_route=\/wp\/v2\/posts\/5599","targetHints":{"allow":["GET"]}}],"collection":[{"href":"http:\/\/www.lippe-grundschule.de\/index.php?rest_route=\/wp\/v2\/posts"}],"about":[{"href":"http:\/\/www.lippe-grundschule.de\/index.php?rest_route=\/wp\/v2\/types\/post"}],"author":[{"embeddable":true,"href":"http:\/\/www.lippe-grundschule.de\/index.php?rest_route=\/wp\/v2\/users\/1"}],"replies":[{"embeddable":true,"href":"http:\/\/www.lippe-grundschule.de\/index.php?rest_route=%2Fwp%2Fv2%2Fcomments&post=5599"}],"version-history":[{"count":1,"href":"http:\/\/www.lippe-grundschule.de\/index.php?rest_route=\/wp\/v2\/posts\/5599\/revisions"}],"predecessor-version":[{"id":5601,"href":"http:\/\/www.lippe-grundschule.de\/index.php?rest_route=\/wp\/v2\/posts\/5599\/revisions\/5601"}],"wp:attachment":[{"href":"http:\/\/www.lippe-grundschule.de\/index.php?rest_route=%2Fwp%2Fv2%2Fmedia&parent=5599"}],"wp:term":[{"taxonomy":"category","embeddable":true,"href":"http:\/\/www.lippe-grundschule.de\/index.php?rest_route=%2Fwp%2Fv2%2Fcategories&post=5599"},{"taxonomy":"post_tag","embeddable":true,"href":"http:\/\/www.lippe-grundschule.de\/index.php?rest_route=%2Fwp%2Fv2%2Ftags&post=5599"}],"curies":[{"name":"wp","href":"https:\/\/api.w.org\/{rel}","templated":true}]}}