{"id":5608,"date":"2023-05-15T17:40:31","date_gmt":"2023-05-15T15:40:31","guid":{"rendered":"http:\/\/www.lippe-grundschule.de\/?p=5608"},"modified":"2023-05-15T17:40:31","modified_gmt":"2023-05-15T15:40:31","slug":"welttag-des-buches-2023","status":"publish","type":"post","link":"http:\/\/www.lippe-grundschule.de\/?p=5608","title":{"rendered":"Welttag des Buches 2023"},"content":{"rendered":"\n<p style=\"font-size:16px\">Am 23. April war es wieder soweit:  Buchhandlungen, Verlage, Bibliotheken, Schulen und Lernbegeisterte feierten am Welttag des Buches das Lesen. Seit 1995 ist dieser Tag weltweit ein Ereignis. F\u00fcr die Viertkl\u00e4ssler gab es in diesem Jahr von der Buchhandlung &#8222;B\u00fccherturm&#8220; in Delbr\u00fcck das Buch &#8222;Volle Fahrt ins Abenteuer&#8220;. <\/p>\n\n\n\n<div class=\"wp-block-media-text alignwide is-stacked-on-mobile\"><figure class=\"wp-block-media-text__media\"><img loading=\"lazy\" decoding=\"async\" width=\"452\" height=\"421\" src=\"http:\/\/www.lippe-grundschule.de\/wp-content\/uploads\/2023\/05\/Welttag-d-Buches-2023.jpg\" alt=\"\" class=\"wp-image-5609 size-full\" srcset=\"http:\/\/www.lippe-grundschule.de\/wp-content\/uploads\/2023\/05\/Welttag-d-Buches-2023.jpg 452w, http:\/\/www.lippe-grundschule.de\/wp-content\/uploads\/2023\/05\/Welttag-d-Buches-2023-300x279.jpg 300w, http:\/\/www.lippe-grundschule.de\/wp-content\/uploads\/2023\/05\/Welttag-d-Buches-2023-150x140.jpg 150w\" sizes=\"auto, (max-width: 452px) 100vw, 452px\" \/><\/figure><div class=\"wp-block-media-text__content\">\n<p style=\"font-size:16px\">Frau Westerhorstmann vom &#8222;B\u00fccherturm&#8220; freute sich dar\u00fcber, bei der Aktion mitzumachen und damit Lesefreude bei unserer jungen Leserschaft unterst\u00fctzen zu k\u00f6nnen.<\/p>\n<\/div><\/div>\n","protected":false},"excerpt":{"rendered":"<p>Am 23. April war es wieder soweit: Buchhandlungen, Verlage, Bibliotheken, Schulen und Lernbegeisterte feierten am Welttag des Buches das Lesen. Seit 1995 ist dieser Tag weltweit ein Ereignis. F\u00fcr die Viertkl\u00e4ssler gab es in diesem Jahr von der Buchhandlung &#8222;B\u00fccherturm&#8220; in Delbr\u00fcck das Buch &#8222;Volle Fahrt ins Abenteuer&#8220;. Frau Westerhorstmann vom &#8222;B\u00fccherturm&#8220; freute sich dar\u00fcber, [&hellip;]<\/p>\n","protected":false},"author":1,"featured_media":0,"comment_status":"closed","ping_status":"closed","sticky":false,"template":"","format":"standard","meta":{"footnotes":""},"categories":[348],"tags":[362,361],"class_list":["post-5608","post","type-post","status-publish","format-standard","hentry","category-schuljahr-2022-2023","tag-volle-fahrt-ins-abenteuer","tag-welttag-des-buches-2023"],"_links":{"self":[{"href":"http:\/\/www.lippe-grundschule.de\/index.php?rest_route=\/wp\/v2\/posts\/5608","targetHints":{"allow":["GET"]}}],"collection":[{"href":"http:\/\/www.lippe-grundschule.de\/index.php?rest_route=\/wp\/v2\/posts"}],"about":[{"href":"http:\/\/www.lippe-grundschule.de\/index.php?rest_route=\/wp\/v2\/types\/post"}],"author":[{"embeddable":true,"href":"http:\/\/www.lippe-grundschule.de\/index.php?rest_route=\/wp\/v2\/users\/1"}],"replies":[{"embeddable":true,"href":"http:\/\/www.lippe-grundschule.de\/index.php?rest_route=%2Fwp%2Fv2%2Fcomments&post=5608"}],"version-history":[{"count":2,"href":"http:\/\/www.lippe-grundschule.de\/index.php?rest_route=\/wp\/v2\/posts\/5608\/revisions"}],"predecessor-version":[{"id":5611,"href":"http:\/\/www.lippe-grundschule.de\/index.php?rest_route=\/wp\/v2\/posts\/5608\/revisions\/5611"}],"wp:attachment":[{"href":"http:\/\/www.lippe-grundschule.de\/index.php?rest_route=%2Fwp%2Fv2%2Fmedia&parent=5608"}],"wp:term":[{"taxonomy":"category","embeddable":true,"href":"http:\/\/www.lippe-grundschule.de\/index.php?rest_route=%2Fwp%2Fv2%2Fcategories&post=5608"},{"taxonomy":"post_tag","embeddable":true,"href":"http:\/\/www.lippe-grundschule.de\/index.php?rest_route=%2Fwp%2Fv2%2Ftags&post=5608"}],"curies":[{"name":"wp","href":"https:\/\/api.w.org\/{rel}","templated":true}]}}