{"id":5616,"date":"2023-05-24T19:24:08","date_gmt":"2023-05-24T17:24:08","guid":{"rendered":"http:\/\/www.lippe-grundschule.de\/?p=5616"},"modified":"2023-07-06T11:45:50","modified_gmt":"2023-07-06T09:45:50","slug":"filmprojekt-klasse-4b","status":"publish","type":"post","link":"http:\/\/www.lippe-grundschule.de\/?p=5616","title":{"rendered":"Filmprojekt des Jahrgangs 4"},"content":{"rendered":"\n<p>Im Musikunterricht haben sich die Sch\u00fclerinnen und Sch\u00fcler beider vierten Klassen mit dem Thema \u201eFilmmusik\u201c besch\u00e4ftigt. Dabei ging es vor allem um die Wirkung von Filmmusik und verschiedene Filmmusiktechniken. Die Kinder haben dann ihr Wissen in einem Projekt umgesetzt. Zuerst haben sie in Gruppen Filmszenen mit dem iPad gedreht, um anschlie\u00dfend daf\u00fcr mit selbst ausgew\u00e4hlten Instrumenten eine passende Filmmusik zu komponieren. Hier sind die Ergebnisse:<\/p>\n\n\n\n<div class=\"wp-block-media-text alignwide is-stacked-on-mobile\" style=\"grid-template-columns:76% auto\"><figure class=\"wp-block-media-text__media\"><video controls src=\"http:\/\/www.lippe-grundschule.de\/wp-content\/uploads\/2023\/06\/Das-Fachwerkhaus-im-Sonnenschein-.mp4\"><\/video><\/figure><div class=\"wp-block-media-text__content\">\n<p>&#8222;Fachwerkhaus im Sonnenschein&#8220;<\/p>\n<\/div><\/div>\n\n\n\n<p>Fachwerkhaus im Sonnenschein&#8220; , so hei\u00dft der Film von meiner Klassenkameradin und mir, Charlotte. Wir haben auf der Wiese hinter er Schule gefilmt. Man kann im Film ein Fachwerkhaus im Sonnenschein sehen. Deshalb hei\u00dft unser Film so. Das Fachwerkhaus ist das Pfarrhaus von Boke. Wir m\u00f6gen die Wiese. Deshalb waren die Wiese und das Fachwerkhaus unsere Schauspieler. Unser Film soll die Natur zeigen. Man h\u00f6rt ruhige Musik. Die Musikinstrumente waren eine Triangel, eine Glocke und drei Klangbausteine. Wir haben die Mood-Technik verwendet. Die beeinflusst die Gef\u00fchle. \u00dcbrigens haben wir den Film im Musikunterricht gedreht. Unterst\u00fctzt hat uns unsere Musiklehrerin Frau Degner.<\/p>\n\n\n\n<div class=\"wp-block-media-text alignwide is-stacked-on-mobile\" style=\"grid-template-columns:79% auto\"><figure class=\"wp-block-media-text__media\"><video controls src=\"http:\/\/www.lippe-grundschule.de\/wp-content\/uploads\/2023\/05\/Grashuepfer-2.mp4\"><\/video><\/figure><div class=\"wp-block-media-text__content\">\n<p>&#8222;Grash\u00fcpfer&#8220;<\/p>\n<\/div><\/div>\n\n\n\n<p>&#8222;&#8220;<\/p>\n\n\n\n<div class=\"wp-block-media-text alignwide is-stacked-on-mobile\" style=\"grid-template-columns:79% auto\"><figure class=\"wp-block-media-text__media\"><video controls src=\"http:\/\/www.lippe-grundschule.de\/wp-content\/uploads\/2023\/06\/der-Horrorgang.mp4\"><\/video><\/figure><div class=\"wp-block-media-text__content\">\n<p>&#8222;Der Horrorgang&#8220;<\/p>\n<\/div><\/div>\n\n\n\n<div class=\"wp-block-media-text alignwide is-stacked-on-mobile\" style=\"grid-template-columns:79% auto\"><figure class=\"wp-block-media-text__media\"><video controls src=\"http:\/\/www.lippe-grundschule.de\/wp-content\/uploads\/2023\/06\/Der-Treppengeist.mp4\"><\/video><\/figure><div class=\"wp-block-media-text__content\">\n<p>&#8222;Der Treppengeist&#8220;<\/p>\n<\/div><\/div>\n\n\n\n<div class=\"wp-block-media-text alignwide is-stacked-on-mobile\" style=\"grid-template-columns:79% auto\"><figure class=\"wp-block-media-text__media\"><video controls src=\"http:\/\/www.lippe-grundschule.de\/wp-content\/uploads\/2023\/06\/Die-Verfolgungsjagt.mp4\"><\/video><\/figure><div class=\"wp-block-media-text__content\">\n<p>&#8222;Die Verfolgungsjagd&#8220;<\/p>\n<\/div><\/div>\n\n\n\n<div class=\"wp-block-media-text alignwide is-stacked-on-mobile\" style=\"grid-template-columns:79% auto\"><figure class=\"wp-block-media-text__media\"><video controls src=\"http:\/\/www.lippe-grundschule.de\/wp-content\/uploads\/2023\/06\/Pruegelei-im-Hochhaus-.mp4\"><\/video><\/figure><div class=\"wp-block-media-text__content\">\n<p>&#8222;Pr\u00fcgelei im Hochhaus&#8220;<\/p>\n<\/div><\/div>\n\n\n\n<div class=\"wp-block-media-text alignwide is-stacked-on-mobile\" style=\"grid-template-columns:79% auto\"><figure class=\"wp-block-media-text__media\"><video controls src=\"http:\/\/www.lippe-grundschule.de\/wp-content\/uploads\/2023\/06\/Sage-niemals-Charlie-Charlie-um-drei-Uhr-Nacht.mp4\"><\/video><\/figure><div class=\"wp-block-media-text__content\">\n<p>&#8222;Sag niemals Charlie Charlie um drei Uhr nachts&#8220;<\/p>\n<\/div><\/div>\n\n\n\n<div class=\"wp-block-media-text alignwide is-stacked-on-mobile\" style=\"grid-template-columns:79% auto\"><figure class=\"wp-block-media-text__media\"><video controls src=\"http:\/\/www.lippe-grundschule.de\/wp-content\/uploads\/2023\/06\/BFF.mp4\"><\/video><\/figure><div class=\"wp-block-media-text__content\">\n<p>&#8222;BFF&#8220;<\/p>\n<\/div><\/div>\n\n\n\n<div class=\"wp-block-media-text alignwide is-stacked-on-mobile\" style=\"grid-template-columns:79% auto\"><figure class=\"wp-block-media-text__media\"><video controls src=\"http:\/\/www.lippe-grundschule.de\/wp-content\/uploads\/2023\/06\/der-Geist.mp4\"><\/video><\/figure><div class=\"wp-block-media-text__content\">\n<p>&#8222;Der Geist&#8220;<\/p>\n<\/div><\/div>\n\n\n\n<div class=\"wp-block-media-text alignwide is-stacked-on-mobile\" style=\"grid-template-columns:79% auto\"><figure class=\"wp-block-media-text__media\"><video controls src=\"http:\/\/www.lippe-grundschule.de\/wp-content\/uploads\/2023\/06\/Der-unerwartete-krasse-Todeskampf.mp4\"><\/video><\/figure><div class=\"wp-block-media-text__content\">\n<p>&#8222;Der krasse Todeskampf&#8220;<\/p>\n<\/div><\/div>\n\n\n\n<div class=\"wp-block-media-text alignwide is-stacked-on-mobile\" style=\"grid-template-columns:79% auto\"><figure class=\"wp-block-media-text__media\"><video controls src=\"http:\/\/www.lippe-grundschule.de\/wp-content\/uploads\/2023\/06\/Die-Tuer.mp4\"><\/video><\/figure><div class=\"wp-block-media-text__content\">\n<p>&#8222;Die T\u00fcr&#8220;<\/p>\n<\/div><\/div>\n\n\n\n<div class=\"wp-block-media-text alignwide is-stacked-on-mobile\" style=\"grid-template-columns:79% auto\"><figure class=\"wp-block-media-text__media\"><video controls src=\"http:\/\/www.lippe-grundschule.de\/wp-content\/uploads\/2023\/06\/Mysterioeser-Todesfall-durch-Zwerg.mp4\"><\/video><\/figure><div class=\"wp-block-media-text__content\">\n<p>&#8222;Mysteri\u00f6ser Todesfall durch Zwerg&#8220;<\/p>\n<\/div><\/div>\n","protected":false},"excerpt":{"rendered":"<p>Im Musikunterricht haben sich die Sch\u00fclerinnen und Sch\u00fcler beider vierten Klassen mit dem Thema \u201eFilmmusik\u201c besch\u00e4ftigt. Dabei ging es vor allem um die Wirkung von Filmmusik und verschiedene Filmmusiktechniken. Die Kinder haben dann ihr Wissen in einem Projekt umgesetzt. Zuerst haben sie in Gruppen Filmszenen mit dem iPad gedreht, um anschlie\u00dfend daf\u00fcr mit selbst ausgew\u00e4hlten [&hellip;]<\/p>\n","protected":false},"author":1,"featured_media":0,"comment_status":"closed","ping_status":"closed","sticky":false,"template":"","format":"standard","meta":{"footnotes":""},"categories":[348],"tags":[],"class_list":["post-5616","post","type-post","status-publish","format-standard","hentry","category-schuljahr-2022-2023"],"_links":{"self":[{"href":"http:\/\/www.lippe-grundschule.de\/index.php?rest_route=\/wp\/v2\/posts\/5616","targetHints":{"allow":["GET"]}}],"collection":[{"href":"http:\/\/www.lippe-grundschule.de\/index.php?rest_route=\/wp\/v2\/posts"}],"about":[{"href":"http:\/\/www.lippe-grundschule.de\/index.php?rest_route=\/wp\/v2\/types\/post"}],"author":[{"embeddable":true,"href":"http:\/\/www.lippe-grundschule.de\/index.php?rest_route=\/wp\/v2\/users\/1"}],"replies":[{"embeddable":true,"href":"http:\/\/www.lippe-grundschule.de\/index.php?rest_route=%2Fwp%2Fv2%2Fcomments&post=5616"}],"version-history":[{"count":5,"href":"http:\/\/www.lippe-grundschule.de\/index.php?rest_route=\/wp\/v2\/posts\/5616\/revisions"}],"predecessor-version":[{"id":5651,"href":"http:\/\/www.lippe-grundschule.de\/index.php?rest_route=\/wp\/v2\/posts\/5616\/revisions\/5651"}],"wp:attachment":[{"href":"http:\/\/www.lippe-grundschule.de\/index.php?rest_route=%2Fwp%2Fv2%2Fmedia&parent=5616"}],"wp:term":[{"taxonomy":"category","embeddable":true,"href":"http:\/\/www.lippe-grundschule.de\/index.php?rest_route=%2Fwp%2Fv2%2Fcategories&post=5616"},{"taxonomy":"post_tag","embeddable":true,"href":"http:\/\/www.lippe-grundschule.de\/index.php?rest_route=%2Fwp%2Fv2%2Ftags&post=5616"}],"curies":[{"name":"wp","href":"https:\/\/api.w.org\/{rel}","templated":true}]}}