{"id":5694,"date":"2023-12-07T11:15:59","date_gmt":"2023-12-07T10:15:59","guid":{"rendered":"http:\/\/www.lippe-grundschule.de\/?p=5694"},"modified":"2023-12-07T11:19:13","modified_gmt":"2023-12-07T10:19:13","slug":"der-nikolaus-war-da-2","status":"publish","type":"post","link":"http:\/\/www.lippe-grundschule.de\/?p=5694","title":{"rendered":"Der Nikolaus war da!"},"content":{"rendered":"\n<p>Auch in diesem Jahr wurde in unserer Schule der Nikolaustag mit passenden Liedern und Geschichten gefeiert. Der Nikolaus, der heimlich einen riesengro\u00dfen Stutenkerl zu jeder Klasse brachte, konnte das bestimmt h\u00f6ren. Die Stutenkerle wurden in viele kleine St\u00fccke zerteilt und von den Sch\u00fclerinnen und Sch\u00fclern gemeinsam gegessen. Dazu gab es f\u00fcr jedes Kind einen Schokolollies. Wir sagen: &#8222;Vielen Dank, lieber Nikolaus!&#8220;<\/p>\n\n\n\n<figure class=\"wp-block-image size-large is-resized\"><img loading=\"lazy\" decoding=\"async\" src=\"http:\/\/www.lippe-grundschule.de\/wp-content\/uploads\/2023\/12\/Stutenkerl-2023-1-768x1024.jpg\" alt=\"\" class=\"wp-image-5700\" width=\"361\" height=\"481\" srcset=\"http:\/\/www.lippe-grundschule.de\/wp-content\/uploads\/2023\/12\/Stutenkerl-2023-1-768x1024.jpg 768w, http:\/\/www.lippe-grundschule.de\/wp-content\/uploads\/2023\/12\/Stutenkerl-2023-1-225x300.jpg 225w, http:\/\/www.lippe-grundschule.de\/wp-content\/uploads\/2023\/12\/Stutenkerl-2023-1-113x150.jpg 113w, http:\/\/www.lippe-grundschule.de\/wp-content\/uploads\/2023\/12\/Stutenkerl-2023-1-624x832.jpg 624w, http:\/\/www.lippe-grundschule.de\/wp-content\/uploads\/2023\/12\/Stutenkerl-2023-1.jpg 810w\" sizes=\"auto, (max-width: 361px) 100vw, 361px\" \/><\/figure>\n","protected":false},"excerpt":{"rendered":"<p>Auch in diesem Jahr wurde in unserer Schule der Nikolaustag mit passenden Liedern und Geschichten gefeiert. Der Nikolaus, der heimlich einen riesengro\u00dfen Stutenkerl zu jeder Klasse brachte, konnte das bestimmt h\u00f6ren. Die Stutenkerle wurden in viele kleine St\u00fccke zerteilt und von den Sch\u00fclerinnen und Sch\u00fclern gemeinsam gegessen. Dazu gab es f\u00fcr jedes Kind einen Schokolollies. [&hellip;]<\/p>\n","protected":false},"author":16,"featured_media":0,"comment_status":"closed","ping_status":"closed","sticky":false,"template":"","format":"standard","meta":{"footnotes":""},"categories":[363],"tags":[],"class_list":["post-5694","post","type-post","status-publish","format-standard","hentry","category-schuljahr-2023-2024"],"_links":{"self":[{"href":"http:\/\/www.lippe-grundschule.de\/index.php?rest_route=\/wp\/v2\/posts\/5694","targetHints":{"allow":["GET"]}}],"collection":[{"href":"http:\/\/www.lippe-grundschule.de\/index.php?rest_route=\/wp\/v2\/posts"}],"about":[{"href":"http:\/\/www.lippe-grundschule.de\/index.php?rest_route=\/wp\/v2\/types\/post"}],"author":[{"embeddable":true,"href":"http:\/\/www.lippe-grundschule.de\/index.php?rest_route=\/wp\/v2\/users\/16"}],"replies":[{"embeddable":true,"href":"http:\/\/www.lippe-grundschule.de\/index.php?rest_route=%2Fwp%2Fv2%2Fcomments&post=5694"}],"version-history":[{"count":6,"href":"http:\/\/www.lippe-grundschule.de\/index.php?rest_route=\/wp\/v2\/posts\/5694\/revisions"}],"predecessor-version":[{"id":5702,"href":"http:\/\/www.lippe-grundschule.de\/index.php?rest_route=\/wp\/v2\/posts\/5694\/revisions\/5702"}],"wp:attachment":[{"href":"http:\/\/www.lippe-grundschule.de\/index.php?rest_route=%2Fwp%2Fv2%2Fmedia&parent=5694"}],"wp:term":[{"taxonomy":"category","embeddable":true,"href":"http:\/\/www.lippe-grundschule.de\/index.php?rest_route=%2Fwp%2Fv2%2Fcategories&post=5694"},{"taxonomy":"post_tag","embeddable":true,"href":"http:\/\/www.lippe-grundschule.de\/index.php?rest_route=%2Fwp%2Fv2%2Ftags&post=5694"}],"curies":[{"name":"wp","href":"https:\/\/api.w.org\/{rel}","templated":true}]}}