{"id":5724,"date":"2024-02-11T11:31:24","date_gmt":"2024-02-11T10:31:24","guid":{"rendered":"http:\/\/www.lippe-grundschule.de\/?p=5724"},"modified":"2024-02-11T11:31:54","modified_gmt":"2024-02-11T10:31:54","slug":"unterrichtseinheit-des-arbeitskreises-zahngesundheit-paderborn","status":"publish","type":"post","link":"http:\/\/www.lippe-grundschule.de\/?p=5724","title":{"rendered":"Unterrichtseinheit des Arbeitskreises Zahngesundheit Paderborn"},"content":{"rendered":"\n<p style=\"font-size:16px\">Liebe Eltern und Erziehungsberechtigte, vom 14. bis 21. Februar wird wieder der Arbeitskreis Zahngesundheit Paderborn an unserer Schule zu Besuch sein. Gern k\u00f6nnen Sie sich \u00fcber das Konzept f\u00fcr die jeweiligen Jahrgangsstufen in dieser <a href=\"http:\/\/www.lippe-grundschule.de\/wp-content\/uploads\/2024\/02\/Grundschulkonzept-Zahnprophylaxe.pdf\" target=\"_blank\" rel=\"noreferrer noopener\">Datei<\/a> informieren.<\/p>\n","protected":false},"excerpt":{"rendered":"<p>Liebe Eltern und Erziehungsberechtigte, vom 14. bis 21. Februar wird wieder der Arbeitskreis Zahngesundheit Paderborn an unserer Schule zu Besuch sein. Gern k\u00f6nnen Sie sich \u00fcber das Konzept f\u00fcr die jeweiligen Jahrgangsstufen in dieser Datei informieren.<\/p>\n","protected":false},"author":1,"featured_media":0,"comment_status":"closed","ping_status":"closed","sticky":false,"template":"","format":"standard","meta":{"footnotes":""},"categories":[363],"tags":[],"class_list":["post-5724","post","type-post","status-publish","format-standard","hentry","category-schuljahr-2023-2024"],"_links":{"self":[{"href":"http:\/\/www.lippe-grundschule.de\/index.php?rest_route=\/wp\/v2\/posts\/5724","targetHints":{"allow":["GET"]}}],"collection":[{"href":"http:\/\/www.lippe-grundschule.de\/index.php?rest_route=\/wp\/v2\/posts"}],"about":[{"href":"http:\/\/www.lippe-grundschule.de\/index.php?rest_route=\/wp\/v2\/types\/post"}],"author":[{"embeddable":true,"href":"http:\/\/www.lippe-grundschule.de\/index.php?rest_route=\/wp\/v2\/users\/1"}],"replies":[{"embeddable":true,"href":"http:\/\/www.lippe-grundschule.de\/index.php?rest_route=%2Fwp%2Fv2%2Fcomments&post=5724"}],"version-history":[{"count":2,"href":"http:\/\/www.lippe-grundschule.de\/index.php?rest_route=\/wp\/v2\/posts\/5724\/revisions"}],"predecessor-version":[{"id":5727,"href":"http:\/\/www.lippe-grundschule.de\/index.php?rest_route=\/wp\/v2\/posts\/5724\/revisions\/5727"}],"wp:attachment":[{"href":"http:\/\/www.lippe-grundschule.de\/index.php?rest_route=%2Fwp%2Fv2%2Fmedia&parent=5724"}],"wp:term":[{"taxonomy":"category","embeddable":true,"href":"http:\/\/www.lippe-grundschule.de\/index.php?rest_route=%2Fwp%2Fv2%2Fcategories&post=5724"},{"taxonomy":"post_tag","embeddable":true,"href":"http:\/\/www.lippe-grundschule.de\/index.php?rest_route=%2Fwp%2Fv2%2Ftags&post=5724"}],"curies":[{"name":"wp","href":"https:\/\/api.w.org\/{rel}","templated":true}]}}