{"id":5845,"date":"2024-06-10T14:28:47","date_gmt":"2024-06-10T12:28:47","guid":{"rendered":"http:\/\/www.lippe-grundschule.de\/?p=5845"},"modified":"2024-06-10T14:28:47","modified_gmt":"2024-06-10T12:28:47","slug":"welttag-des-buches-2024","status":"publish","type":"post","link":"http:\/\/www.lippe-grundschule.de\/?p=5845","title":{"rendered":"Welttag des Buches 2024"},"content":{"rendered":"\n<p class=\"has-medium-font-size\">&#8222;Ich schenk dir eine Geschichte&#8220;<\/p>\n\n\n\n<p class=\"has-medium-font-size\">Zum 27. Mal verschenkten Buchhandlungen rund um diesen Tag das Welttagsbuch an eine Million Sch\u00fcler oder Sch\u00fclerinnen. Bei uns an der Schule \u00fcbergab Frau L\u00fcbbers von der Buchhandlung &#8218;Magic Books&#8216; die B\u00fccher an die Viertkl\u00e4ssler.<\/p>\n\n\n\n<figure class=\"wp-block-image size-large\"><img loading=\"lazy\" decoding=\"async\" width=\"1024\" height=\"604\" src=\"http:\/\/www.lippe-grundschule.de\/wp-content\/uploads\/2024\/06\/IMG_20240515_090056-1024x604.jpg\" alt=\"\" class=\"wp-image-5843\" srcset=\"http:\/\/www.lippe-grundschule.de\/wp-content\/uploads\/2024\/06\/IMG_20240515_090056-1024x604.jpg 1024w, http:\/\/www.lippe-grundschule.de\/wp-content\/uploads\/2024\/06\/IMG_20240515_090056-300x177.jpg 300w, http:\/\/www.lippe-grundschule.de\/wp-content\/uploads\/2024\/06\/IMG_20240515_090056-150x88.jpg 150w, http:\/\/www.lippe-grundschule.de\/wp-content\/uploads\/2024\/06\/IMG_20240515_090056-1536x906.jpg 1536w, http:\/\/www.lippe-grundschule.de\/wp-content\/uploads\/2024\/06\/IMG_20240515_090056-2048x1208.jpg 2048w, http:\/\/www.lippe-grundschule.de\/wp-content\/uploads\/2024\/06\/IMG_20240515_090056-624x368.jpg 624w\" sizes=\"auto, (max-width: 1024px) 100vw, 1024px\" \/><\/figure>\n\n\n\n<p class=\"has-medium-font-size\">Frau L\u00fcbbers erz\u00e4hlte den Kindern, das jedes Jahr extra zum Welttag des Buches eine neue Geschichte geschrieben wird. Zus\u00e4tzlich machte sie mit Andeutungen zur Geschichte die Kinder neugierig, sodass jedes Kind erfreut das Buch \u201eMission Roboter &#8211; Ein spannender Fall f\u00fcr die Gl\u00fccksagentur\u201c entgegennahm.<br>In einem Video, das sich alle gemeinsam anschauten, las die Autorin Anke Girod den Anfang des Buches vor.<\/p>\n\n\n\n<figure class=\"wp-block-image size-large\"><img loading=\"lazy\" decoding=\"async\" width=\"1024\" height=\"472\" src=\"http:\/\/www.lippe-grundschule.de\/wp-content\/uploads\/2024\/06\/IMG_20240515_090145-1024x472.jpg\" alt=\"\" class=\"wp-image-5844\" srcset=\"http:\/\/www.lippe-grundschule.de\/wp-content\/uploads\/2024\/06\/IMG_20240515_090145-1024x472.jpg 1024w, http:\/\/www.lippe-grundschule.de\/wp-content\/uploads\/2024\/06\/IMG_20240515_090145-300x138.jpg 300w, http:\/\/www.lippe-grundschule.de\/wp-content\/uploads\/2024\/06\/IMG_20240515_090145-150x69.jpg 150w, http:\/\/www.lippe-grundschule.de\/wp-content\/uploads\/2024\/06\/IMG_20240515_090145-1536x707.jpg 1536w, http:\/\/www.lippe-grundschule.de\/wp-content\/uploads\/2024\/06\/IMG_20240515_090145-2048x943.jpg 2048w, http:\/\/www.lippe-grundschule.de\/wp-content\/uploads\/2024\/06\/IMG_20240515_090145-624x287.jpg 624w\" sizes=\"auto, (max-width: 1024px) 100vw, 1024px\" \/><\/figure>\n","protected":false},"excerpt":{"rendered":"<p>&#8222;Ich schenk dir eine Geschichte&#8220; Zum 27. Mal verschenkten Buchhandlungen rund um diesen Tag das Welttagsbuch an eine Million Sch\u00fcler oder Sch\u00fclerinnen. Bei uns an der Schule \u00fcbergab Frau L\u00fcbbers von der Buchhandlung &#8218;Magic Books&#8216; die B\u00fccher an die Viertkl\u00e4ssler. Frau L\u00fcbbers erz\u00e4hlte den Kindern, das jedes Jahr extra zum Welttag des Buches eine neue [&hellip;]<\/p>\n","protected":false},"author":1,"featured_media":0,"comment_status":"closed","ping_status":"closed","sticky":false,"template":"","format":"standard","meta":{"footnotes":""},"categories":[363],"tags":[193],"class_list":["post-5845","post","type-post","status-publish","format-standard","hentry","category-schuljahr-2023-2024","tag-welttag-des-buches"],"_links":{"self":[{"href":"http:\/\/www.lippe-grundschule.de\/index.php?rest_route=\/wp\/v2\/posts\/5845","targetHints":{"allow":["GET"]}}],"collection":[{"href":"http:\/\/www.lippe-grundschule.de\/index.php?rest_route=\/wp\/v2\/posts"}],"about":[{"href":"http:\/\/www.lippe-grundschule.de\/index.php?rest_route=\/wp\/v2\/types\/post"}],"author":[{"embeddable":true,"href":"http:\/\/www.lippe-grundschule.de\/index.php?rest_route=\/wp\/v2\/users\/1"}],"replies":[{"embeddable":true,"href":"http:\/\/www.lippe-grundschule.de\/index.php?rest_route=%2Fwp%2Fv2%2Fcomments&post=5845"}],"version-history":[{"count":2,"href":"http:\/\/www.lippe-grundschule.de\/index.php?rest_route=\/wp\/v2\/posts\/5845\/revisions"}],"predecessor-version":[{"id":5847,"href":"http:\/\/www.lippe-grundschule.de\/index.php?rest_route=\/wp\/v2\/posts\/5845\/revisions\/5847"}],"wp:attachment":[{"href":"http:\/\/www.lippe-grundschule.de\/index.php?rest_route=%2Fwp%2Fv2%2Fmedia&parent=5845"}],"wp:term":[{"taxonomy":"category","embeddable":true,"href":"http:\/\/www.lippe-grundschule.de\/index.php?rest_route=%2Fwp%2Fv2%2Fcategories&post=5845"},{"taxonomy":"post_tag","embeddable":true,"href":"http:\/\/www.lippe-grundschule.de\/index.php?rest_route=%2Fwp%2Fv2%2Ftags&post=5845"}],"curies":[{"name":"wp","href":"https:\/\/api.w.org\/{rel}","templated":true}]}}