{"id":5855,"date":"2024-06-25T17:34:01","date_gmt":"2024-06-25T15:34:01","guid":{"rendered":"http:\/\/www.lippe-grundschule.de\/?p=5855"},"modified":"2024-06-25T17:37:59","modified_gmt":"2024-06-25T15:37:59","slug":"gewinner-des-vorlesewettbewerbs-2024","status":"publish","type":"post","link":"http:\/\/www.lippe-grundschule.de\/?p=5855","title":{"rendered":"Gewinner des Vorlesewettbewerbs 2024"},"content":{"rendered":"\n<figure class=\"wp-block-image size-large\"><img loading=\"lazy\" decoding=\"async\" width=\"1024\" height=\"730\" src=\"http:\/\/www.lippe-grundschule.de\/wp-content\/uploads\/2024\/06\/2024-06-25-Lesewettbewerb-gesamt-jpg-1024x730.jpg\" alt=\"\" class=\"wp-image-5852\" srcset=\"http:\/\/www.lippe-grundschule.de\/wp-content\/uploads\/2024\/06\/2024-06-25-Lesewettbewerb-gesamt-jpg-1024x730.jpg 1024w, http:\/\/www.lippe-grundschule.de\/wp-content\/uploads\/2024\/06\/2024-06-25-Lesewettbewerb-gesamt-jpg-300x214.jpg 300w, http:\/\/www.lippe-grundschule.de\/wp-content\/uploads\/2024\/06\/2024-06-25-Lesewettbewerb-gesamt-jpg-150x107.jpg 150w, http:\/\/www.lippe-grundschule.de\/wp-content\/uploads\/2024\/06\/2024-06-25-Lesewettbewerb-gesamt-jpg-624x445.jpg 624w, http:\/\/www.lippe-grundschule.de\/wp-content\/uploads\/2024\/06\/2024-06-25-Lesewettbewerb-gesamt-jpg.jpg 1393w\" sizes=\"auto, (max-width: 1024px) 100vw, 1024px\" \/><\/figure>\n\n\n\n<p class=\"has-medium-font-size\">Der allj\u00e4hrliche Vorlesewettbewerb fand in diesem Schuljahr am 25. Juni 2024 statt. Mit Vorfreude und manche(r) auch mit ein wenig Lampenfieber kamen die Finalteilnehmer zur Sch\u00fclerb\u00fccherei, um sich dem Wettbewerb zu stellen und der Jury, die aus einem Elternteil und einer Lehrperson bestand, vorzulesen. Die Entscheidungen fielen knapp aus, weil oft die Leseleistungen \u00e4hnlich gut waren. Nach der Entscheidung der Jury kamen alle Finalteilnehmer noch einmal zur Siegerehrung in der Sch\u00fclerb\u00fccherei zusammen und nahmen Buchpreise und Urkunden entgegen.<br>Neu in diesem Jahr war der Nachhaltigkeitsaspekt &#8211; so fanden gespendete neuwertige B\u00fccher neue Besitzer und auf diese Weise zu einem &#8222;zweiten Leben&#8220;. Der jeweils erste Preis jeden Jahrgangs war eine Spende von &#8222;Magic Books&#8220;. Herzlichen Dank an Frau L\u00fcbbers, die den gleichnamigen Buchladen in Delbr\u00fcck betreibt.<\/p>\n\n\n\n<div class=\"wp-block-media-text is-stacked-on-mobile\"><figure class=\"wp-block-media-text__media\"><img loading=\"lazy\" decoding=\"async\" width=\"1024\" height=\"694\" src=\"http:\/\/www.lippe-grundschule.de\/wp-content\/uploads\/2024\/06\/2024-06-25-Lesewettbewerb-jg-4-jpg-1024x694.jpg\" alt=\"\" class=\"wp-image-5854 size-full\" srcset=\"http:\/\/www.lippe-grundschule.de\/wp-content\/uploads\/2024\/06\/2024-06-25-Lesewettbewerb-jg-4-jpg-1024x694.jpg 1024w, http:\/\/www.lippe-grundschule.de\/wp-content\/uploads\/2024\/06\/2024-06-25-Lesewettbewerb-jg-4-jpg-300x203.jpg 300w, http:\/\/www.lippe-grundschule.de\/wp-content\/uploads\/2024\/06\/2024-06-25-Lesewettbewerb-jg-4-jpg-150x102.jpg 150w, http:\/\/www.lippe-grundschule.de\/wp-content\/uploads\/2024\/06\/2024-06-25-Lesewettbewerb-jg-4-jpg-1536x1040.jpg 1536w, http:\/\/www.lippe-grundschule.de\/wp-content\/uploads\/2024\/06\/2024-06-25-Lesewettbewerb-jg-4-jpg-624x423.jpg 624w, http:\/\/www.lippe-grundschule.de\/wp-content\/uploads\/2024\/06\/2024-06-25-Lesewettbewerb-jg-4-jpg.jpg 1605w\" sizes=\"auto, (max-width: 1024px) 100vw, 1024px\" \/><\/figure><div class=\"wp-block-media-text__content\">\n<p class=\"has-medium-font-size\">Die Kinder der vierten Klassen kannten den Wettbewerb bereits aus den Vorjahren, was die Freude \u00fcber die Teilnahme nicht minderte.<\/p>\n<\/div><\/div>\n\n\n\n<div class=\"wp-block-media-text has-media-on-the-right is-stacked-on-mobile\"><div class=\"wp-block-media-text__content\">\n<p class=\"has-medium-font-size\">Auch aus dem Jahrgang 3 nahmen &#8222;alte Hasen&#8220; teil. Die Siegerehrung nahmen sie sehr locker und traten ohne Scheu vor die Kameralinse.<\/p>\n<\/div><figure class=\"wp-block-media-text__media\"><img loading=\"lazy\" decoding=\"async\" width=\"1024\" height=\"851\" src=\"http:\/\/www.lippe-grundschule.de\/wp-content\/uploads\/2024\/06\/2024-06-25-Lesewettbewerb-jg-3-jpg-1024x851.jpg\" alt=\"\" class=\"wp-image-5853 size-full\" srcset=\"http:\/\/www.lippe-grundschule.de\/wp-content\/uploads\/2024\/06\/2024-06-25-Lesewettbewerb-jg-3-jpg-1024x851.jpg 1024w, http:\/\/www.lippe-grundschule.de\/wp-content\/uploads\/2024\/06\/2024-06-25-Lesewettbewerb-jg-3-jpg-300x249.jpg 300w, http:\/\/www.lippe-grundschule.de\/wp-content\/uploads\/2024\/06\/2024-06-25-Lesewettbewerb-jg-3-jpg-150x125.jpg 150w, http:\/\/www.lippe-grundschule.de\/wp-content\/uploads\/2024\/06\/2024-06-25-Lesewettbewerb-jg-3-jpg-624x518.jpg 624w, http:\/\/www.lippe-grundschule.de\/wp-content\/uploads\/2024\/06\/2024-06-25-Lesewettbewerb-jg-3-jpg.jpg 1348w\" sizes=\"auto, (max-width: 1024px) 100vw, 1024px\" \/><\/figure><\/div>\n\n\n\n<div class=\"wp-block-media-text is-stacked-on-mobile\"><figure class=\"wp-block-media-text__media\"><img loading=\"lazy\" decoding=\"async\" width=\"1024\" height=\"896\" src=\"http:\/\/www.lippe-grundschule.de\/wp-content\/uploads\/2024\/06\/2024-06-25-Lesewettbewerb-jg-2-jpg-1024x896.jpg\" alt=\"\" class=\"wp-image-5851 size-full\" srcset=\"http:\/\/www.lippe-grundschule.de\/wp-content\/uploads\/2024\/06\/2024-06-25-Lesewettbewerb-jg-2-jpg-1024x896.jpg 1024w, http:\/\/www.lippe-grundschule.de\/wp-content\/uploads\/2024\/06\/2024-06-25-Lesewettbewerb-jg-2-jpg-300x263.jpg 300w, http:\/\/www.lippe-grundschule.de\/wp-content\/uploads\/2024\/06\/2024-06-25-Lesewettbewerb-jg-2-jpg-150x131.jpg 150w, http:\/\/www.lippe-grundschule.de\/wp-content\/uploads\/2024\/06\/2024-06-25-Lesewettbewerb-jg-2-jpg-624x546.jpg 624w, http:\/\/www.lippe-grundschule.de\/wp-content\/uploads\/2024\/06\/2024-06-25-Lesewettbewerb-jg-2-jpg.jpg 1172w\" sizes=\"auto, (max-width: 1024px) 100vw, 1024px\" \/><\/figure><div class=\"wp-block-media-text__content\">\n<p class=\"has-medium-font-size\">Zum ersten Mal dabei waren die Kinder der zweiten Klassen. Nichtsdestotrotz gl\u00e4nzten sie mit guten Leseleistungen.<\/p>\n<\/div><\/div>\n","protected":false},"excerpt":{"rendered":"<p>Der allj\u00e4hrliche Vorlesewettbewerb fand in diesem Schuljahr am 25. Juni 2024 statt. Mit Vorfreude und manche(r) auch mit ein wenig Lampenfieber kamen die Finalteilnehmer zur Sch\u00fclerb\u00fccherei, um sich dem Wettbewerb zu stellen und der Jury, die aus einem Elternteil und einer Lehrperson bestand, vorzulesen. Die Entscheidungen fielen knapp aus, weil oft die Leseleistungen \u00e4hnlich gut [&hellip;]<\/p>\n","protected":false},"author":1,"featured_media":0,"comment_status":"closed","ping_status":"closed","sticky":false,"template":"","format":"standard","meta":{"footnotes":""},"categories":[363],"tags":[367,252],"class_list":["post-5855","post","type-post","status-publish","format-standard","hentry","category-schuljahr-2023-2024","tag-magic-books","tag-vorlesewettbewerb"],"_links":{"self":[{"href":"http:\/\/www.lippe-grundschule.de\/index.php?rest_route=\/wp\/v2\/posts\/5855","targetHints":{"allow":["GET"]}}],"collection":[{"href":"http:\/\/www.lippe-grundschule.de\/index.php?rest_route=\/wp\/v2\/posts"}],"about":[{"href":"http:\/\/www.lippe-grundschule.de\/index.php?rest_route=\/wp\/v2\/types\/post"}],"author":[{"embeddable":true,"href":"http:\/\/www.lippe-grundschule.de\/index.php?rest_route=\/wp\/v2\/users\/1"}],"replies":[{"embeddable":true,"href":"http:\/\/www.lippe-grundschule.de\/index.php?rest_route=%2Fwp%2Fv2%2Fcomments&post=5855"}],"version-history":[{"count":4,"href":"http:\/\/www.lippe-grundschule.de\/index.php?rest_route=\/wp\/v2\/posts\/5855\/revisions"}],"predecessor-version":[{"id":5859,"href":"http:\/\/www.lippe-grundschule.de\/index.php?rest_route=\/wp\/v2\/posts\/5855\/revisions\/5859"}],"wp:attachment":[{"href":"http:\/\/www.lippe-grundschule.de\/index.php?rest_route=%2Fwp%2Fv2%2Fmedia&parent=5855"}],"wp:term":[{"taxonomy":"category","embeddable":true,"href":"http:\/\/www.lippe-grundschule.de\/index.php?rest_route=%2Fwp%2Fv2%2Fcategories&post=5855"},{"taxonomy":"post_tag","embeddable":true,"href":"http:\/\/www.lippe-grundschule.de\/index.php?rest_route=%2Fwp%2Fv2%2Ftags&post=5855"}],"curies":[{"name":"wp","href":"https:\/\/api.w.org\/{rel}","templated":true}]}}