{"id":5903,"date":"2024-09-05T18:50:07","date_gmt":"2024-09-05T16:50:07","guid":{"rendered":"http:\/\/www.lippe-grundschule.de\/?p=5903"},"modified":"2024-09-05T18:50:07","modified_gmt":"2024-09-05T16:50:07","slug":"einladung-zum-elternabend-fuer-schulanfaenger","status":"publish","type":"post","link":"http:\/\/www.lippe-grundschule.de\/?p=5903","title":{"rendered":"Einladung zum Elternabend f\u00fcr Schulanf\u00e4nger"},"content":{"rendered":"\n<div class=\"wp-block-media-text is-stacked-on-mobile\" style=\"grid-template-columns:41% auto\"><figure class=\"wp-block-media-text__media\"><img loading=\"lazy\" decoding=\"async\" width=\"721\" height=\"1024\" src=\"http:\/\/www.lippe-grundschule.de\/wp-content\/uploads\/2024\/09\/plakat-infoabend-2024-721x1024.png\" alt=\"\" class=\"wp-image-5905 size-full\" srcset=\"http:\/\/www.lippe-grundschule.de\/wp-content\/uploads\/2024\/09\/plakat-infoabend-2024-721x1024.png 721w, http:\/\/www.lippe-grundschule.de\/wp-content\/uploads\/2024\/09\/plakat-infoabend-2024-211x300.png 211w, http:\/\/www.lippe-grundschule.de\/wp-content\/uploads\/2024\/09\/plakat-infoabend-2024-106x150.png 106w, http:\/\/www.lippe-grundschule.de\/wp-content\/uploads\/2024\/09\/plakat-infoabend-2024-624x886.png 624w, http:\/\/www.lippe-grundschule.de\/wp-content\/uploads\/2024\/09\/plakat-infoabend-2024.png 1040w\" sizes=\"auto, (max-width: 721px) 100vw, 721px\" \/><\/figure><div class=\"wp-block-media-text__content\">\n<p style=\"font-size:16px\">Die Lippe-Grundschule in Boke l\u00e4dt alle Eltern und Erziehungsberechtigte, deren Kinder zum n\u00e4chsten Sommer in die Schule kommen, sowie weitere Interessierte herzlich zu einem Informationsabend ein. <br>Am Mittwoch, 25. September, werden um 19:30 Uhr einige Schwerpunkte der Schule und der schulischen Arbeit, sowie die R\u00e4ume und Materialien der ersten Klassen vorgestellt.<\/p>\n\n\n\n<p style=\"font-size:16px\"><br><\/p>\n<\/div><\/div>\n\n\n\n<p style=\"font-size:16px\">Die Betreuungskr\u00e4fte und der Tr\u00e4ger der Betreuungsangebote, die AWO, freuen sich darauf, die M\u00f6glichkeiten zur Betreuung an der Lippe-Grundschule vorzustellen.<br>Gerne beantwortet die Schulleitung Ihre Fragen rund um die Einschulung Ihres Kindes.<br>Die Veranstaltung beginnt im Gymnastikraum (Sporthalle) am Landolinusplatz 9.<br>Das Team der Lippe-Grundschule freut sich auf einen interessanten Abend!<\/p>\n\n\n\n<p><\/p>\n","protected":false},"excerpt":{"rendered":"<p>Die Lippe-Grundschule in Boke l\u00e4dt alle Eltern und Erziehungsberechtigte, deren Kinder zum n\u00e4chsten Sommer in die Schule kommen, sowie weitere Interessierte herzlich zu einem Informationsabend ein. Am Mittwoch, 25. September, werden um 19:30 Uhr einige Schwerpunkte der Schule und der schulischen Arbeit, sowie die R\u00e4ume und Materialien der ersten Klassen vorgestellt. Die Betreuungskr\u00e4fte und der [&hellip;]<\/p>\n","protected":false},"author":1,"featured_media":0,"comment_status":"closed","ping_status":"closed","sticky":false,"template":"","format":"standard","meta":{"footnotes":""},"categories":[368],"tags":[],"class_list":["post-5903","post","type-post","status-publish","format-standard","hentry","category-schuljahr-2024-2025"],"_links":{"self":[{"href":"http:\/\/www.lippe-grundschule.de\/index.php?rest_route=\/wp\/v2\/posts\/5903","targetHints":{"allow":["GET"]}}],"collection":[{"href":"http:\/\/www.lippe-grundschule.de\/index.php?rest_route=\/wp\/v2\/posts"}],"about":[{"href":"http:\/\/www.lippe-grundschule.de\/index.php?rest_route=\/wp\/v2\/types\/post"}],"author":[{"embeddable":true,"href":"http:\/\/www.lippe-grundschule.de\/index.php?rest_route=\/wp\/v2\/users\/1"}],"replies":[{"embeddable":true,"href":"http:\/\/www.lippe-grundschule.de\/index.php?rest_route=%2Fwp%2Fv2%2Fcomments&post=5903"}],"version-history":[{"count":2,"href":"http:\/\/www.lippe-grundschule.de\/index.php?rest_route=\/wp\/v2\/posts\/5903\/revisions"}],"predecessor-version":[{"id":5906,"href":"http:\/\/www.lippe-grundschule.de\/index.php?rest_route=\/wp\/v2\/posts\/5903\/revisions\/5906"}],"wp:attachment":[{"href":"http:\/\/www.lippe-grundschule.de\/index.php?rest_route=%2Fwp%2Fv2%2Fmedia&parent=5903"}],"wp:term":[{"taxonomy":"category","embeddable":true,"href":"http:\/\/www.lippe-grundschule.de\/index.php?rest_route=%2Fwp%2Fv2%2Fcategories&post=5903"},{"taxonomy":"post_tag","embeddable":true,"href":"http:\/\/www.lippe-grundschule.de\/index.php?rest_route=%2Fwp%2Fv2%2Ftags&post=5903"}],"curies":[{"name":"wp","href":"https:\/\/api.w.org\/{rel}","templated":true}]}}