{"id":5979,"date":"2025-03-22T22:07:14","date_gmt":"2025-03-22T21:07:14","guid":{"rendered":"http:\/\/www.lippe-grundschule.de\/?p=5979"},"modified":"2025-03-22T22:07:14","modified_gmt":"2025-03-22T21:07:14","slug":"vorlesewettbewerb-2025-ein-spannendes-finale","status":"publish","type":"post","link":"http:\/\/www.lippe-grundschule.de\/?p=5979","title":{"rendered":"Vorlesewettbewerb 2025 \u2013 Ein spannendes Finale"},"content":{"rendered":"\n<p style=\"font-size:16px\">Am 13. M\u00e4rz 2025 war es wieder so weit: Die besten Vorleserinnen und Vorleser der Klassen traten in der Endrunde des Vorlesewettbewerbs gegeneinander an. Ein wenig aufgeregt, aber mit viel Begeisterung und K\u00f6nnen pr\u00e4sentierten die Kinder ihre ausgew\u00e4hlten Texte.<\/p>\n\n\n\n<p style=\"font-size:16px\">In den vergangenen Wochen hatten sie sich in ihren Klassen dem Wettbewerb gestellt und sich als klassenbeste Vorleser f\u00fcr die Endrunde qualifiziert. Die Jury, bestehend aus einem Elternteil und einer Lehrkraft, hatte keine leichte Entscheidung, denn alle Kinder zeigten beeindruckende Leseleistungen.<\/p>\n\n\n\n<p style=\"font-size:16px\">Auf dem Foto sind die Finalteilnehmer*innen zu sehen, die stolz ihre Urkunden und Buchgeschenke entgegennehmen durften.<\/p>\n\n\n\n<figure class=\"wp-block-image size-large\"><img loading=\"lazy\" decoding=\"async\" width=\"1024\" height=\"588\" src=\"http:\/\/www.lippe-grundschule.de\/wp-content\/uploads\/2025\/03\/LW-alle-1024x588.jpg\" alt=\"\" class=\"wp-image-5981\" srcset=\"http:\/\/www.lippe-grundschule.de\/wp-content\/uploads\/2025\/03\/LW-alle-1024x588.jpg 1024w, http:\/\/www.lippe-grundschule.de\/wp-content\/uploads\/2025\/03\/LW-alle-300x172.jpg 300w, http:\/\/www.lippe-grundschule.de\/wp-content\/uploads\/2025\/03\/LW-alle-150x86.jpg 150w, http:\/\/www.lippe-grundschule.de\/wp-content\/uploads\/2025\/03\/LW-alle-1536x882.jpg 1536w, http:\/\/www.lippe-grundschule.de\/wp-content\/uploads\/2025\/03\/LW-alle-2048x1176.jpg 2048w, http:\/\/www.lippe-grundschule.de\/wp-content\/uploads\/2025\/03\/LW-alle-624x358.jpg 624w\" sizes=\"auto, (max-width: 1024px) 100vw, 1024px\" \/><\/figure>\n","protected":false},"excerpt":{"rendered":"<p>Am 13. M\u00e4rz 2025 war es wieder so weit: Die besten Vorleserinnen und Vorleser der Klassen traten in der Endrunde des Vorlesewettbewerbs gegeneinander an. Ein wenig aufgeregt, aber mit viel Begeisterung und K\u00f6nnen pr\u00e4sentierten die Kinder ihre ausgew\u00e4hlten Texte. In den vergangenen Wochen hatten sie sich in ihren Klassen dem Wettbewerb gestellt und sich als [&hellip;]<\/p>\n","protected":false},"author":1,"featured_media":0,"comment_status":"closed","ping_status":"closed","sticky":false,"template":"","format":"standard","meta":{"footnotes":""},"categories":[368],"tags":[252],"class_list":["post-5979","post","type-post","status-publish","format-standard","hentry","category-schuljahr-2024-2025","tag-vorlesewettbewerb"],"_links":{"self":[{"href":"http:\/\/www.lippe-grundschule.de\/index.php?rest_route=\/wp\/v2\/posts\/5979","targetHints":{"allow":["GET"]}}],"collection":[{"href":"http:\/\/www.lippe-grundschule.de\/index.php?rest_route=\/wp\/v2\/posts"}],"about":[{"href":"http:\/\/www.lippe-grundschule.de\/index.php?rest_route=\/wp\/v2\/types\/post"}],"author":[{"embeddable":true,"href":"http:\/\/www.lippe-grundschule.de\/index.php?rest_route=\/wp\/v2\/users\/1"}],"replies":[{"embeddable":true,"href":"http:\/\/www.lippe-grundschule.de\/index.php?rest_route=%2Fwp%2Fv2%2Fcomments&post=5979"}],"version-history":[{"count":1,"href":"http:\/\/www.lippe-grundschule.de\/index.php?rest_route=\/wp\/v2\/posts\/5979\/revisions"}],"predecessor-version":[{"id":5982,"href":"http:\/\/www.lippe-grundschule.de\/index.php?rest_route=\/wp\/v2\/posts\/5979\/revisions\/5982"}],"wp:attachment":[{"href":"http:\/\/www.lippe-grundschule.de\/index.php?rest_route=%2Fwp%2Fv2%2Fmedia&parent=5979"}],"wp:term":[{"taxonomy":"category","embeddable":true,"href":"http:\/\/www.lippe-grundschule.de\/index.php?rest_route=%2Fwp%2Fv2%2Fcategories&post=5979"},{"taxonomy":"post_tag","embeddable":true,"href":"http:\/\/www.lippe-grundschule.de\/index.php?rest_route=%2Fwp%2Fv2%2Ftags&post=5979"}],"curies":[{"name":"wp","href":"https:\/\/api.w.org\/{rel}","templated":true}]}}