{"id":5994,"date":"2025-05-18T16:15:26","date_gmt":"2025-05-18T14:15:26","guid":{"rendered":"http:\/\/www.lippe-grundschule.de\/?p=5994"},"modified":"2025-05-18T16:17:03","modified_gmt":"2025-05-18T14:17:03","slug":"zirkus-projektwoche","status":"publish","type":"post","link":"http:\/\/www.lippe-grundschule.de\/?p=5994","title":{"rendered":"Zirkus-Projektwoche"},"content":{"rendered":"\n<p style=\"font-size:16px;font-style:normal;font-weight:400\">Das Zelt steht!<br>Nach etwas mehr als zwei Stunden war der Gro\u00dfteil der Arbeit getan und das Zirkuszelt stand. Dank einer konzertierten Aktion von Zirkusmitarbeitern, Eltern, Kindern und Lehrpersonal lief der Aufbau &#8218;wie am Schn\u00fcrchen&#8216; &#8211; oder besser gesagt &#8218;wie am Seil&#8216;: An Drahtseilen wurde n\u00e4mlich das Tr\u00e4gerprofil aufgestellt, an dem anschlie\u00dfend das Zelt aufgeh\u00e4ngt wurde. Dank vieler helfender H\u00e4nde waren auch Planen, Gestelle und Trib\u00fcnensitzpl\u00e4tze im Nu aufgebaut.<\/p>\n\n\n\n<p style=\"font-size:16px\">Jetzt kann die Projektwoche starten! Hier noch einmal die wichtigsten Informationen:<br>Die Unterrichtszeiten sind in dieser Woche von Montag bis Donnerstag f\u00fcnf (bis 12:45 Uh), am Freitag vier Stunden (bis 11:45 Uhr).<br>Auff\u00fchrungen gibt es f\u00fcr die &#8222;A&#8220;-Klassen am Mittwoch und Freitag um jeweils 17 Uhr, f\u00fcr die &#8222;B&#8220;-Klassen am Donnerstag um 17 Uhr und Samstag um 10 Uhr.<\/p>\n\n\n\n<div class=\"wp-block-columns is-layout-flex wp-container-core-columns-is-layout-9d6595d7 wp-block-columns-is-layout-flex\">\n<div class=\"wp-block-column is-layout-flow wp-block-column-is-layout-flow\" style=\"flex-basis:100%\">\n<div class=\"wp-block-columns is-layout-flex wp-container-core-columns-is-layout-9d6595d7 wp-block-columns-is-layout-flex\">\n<div class=\"wp-block-column is-layout-flow wp-block-column-is-layout-flow\">\n<figure class=\"wp-block-image size-full\"><img loading=\"lazy\" decoding=\"async\" width=\"750\" height=\"927\" src=\"http:\/\/www.lippe-grundschule.de\/wp-content\/uploads\/2025\/05\/Zirkuszelt-1-1.jpg\" alt=\"\" class=\"wp-image-5996\" srcset=\"http:\/\/www.lippe-grundschule.de\/wp-content\/uploads\/2025\/05\/Zirkuszelt-1-1.jpg 750w, http:\/\/www.lippe-grundschule.de\/wp-content\/uploads\/2025\/05\/Zirkuszelt-1-1-243x300.jpg 243w, http:\/\/www.lippe-grundschule.de\/wp-content\/uploads\/2025\/05\/Zirkuszelt-1-1-121x150.jpg 121w, http:\/\/www.lippe-grundschule.de\/wp-content\/uploads\/2025\/05\/Zirkuszelt-1-1-624x771.jpg 624w\" sizes=\"auto, (max-width: 750px) 100vw, 750px\" \/><\/figure>\n<\/div>\n\n\n\n<div class=\"wp-block-column is-layout-flow wp-block-column-is-layout-flow\">\n<figure class=\"wp-block-image size-full\"><img loading=\"lazy\" decoding=\"async\" width=\"522\" height=\"648\" src=\"http:\/\/www.lippe-grundschule.de\/wp-content\/uploads\/2025\/05\/Flagge.jpg\" alt=\"\" class=\"wp-image-5997\" srcset=\"http:\/\/www.lippe-grundschule.de\/wp-content\/uploads\/2025\/05\/Flagge.jpg 522w, http:\/\/www.lippe-grundschule.de\/wp-content\/uploads\/2025\/05\/Flagge-242x300.jpg 242w, http:\/\/www.lippe-grundschule.de\/wp-content\/uploads\/2025\/05\/Flagge-121x150.jpg 121w\" sizes=\"auto, (max-width: 522px) 100vw, 522px\" \/><\/figure>\n<\/div>\n<\/div>\n<\/div>\n<\/div>\n\n\n\n<p><\/p>\n","protected":false},"excerpt":{"rendered":"<p>Das Zelt steht!Nach etwas mehr als zwei Stunden war der Gro\u00dfteil der Arbeit getan und das Zirkuszelt stand. Dank einer konzertierten Aktion von Zirkusmitarbeitern, Eltern, Kindern und Lehrpersonal lief der Aufbau &#8218;wie am Schn\u00fcrchen&#8216; &#8211; oder besser gesagt &#8218;wie am Seil&#8216;: An Drahtseilen wurde n\u00e4mlich das Tr\u00e4gerprofil aufgestellt, an dem anschlie\u00dfend das Zelt aufgeh\u00e4ngt wurde. [&hellip;]<\/p>\n","protected":false},"author":1,"featured_media":0,"comment_status":"closed","ping_status":"closed","sticky":false,"template":"","format":"standard","meta":{"footnotes":""},"categories":[368],"tags":[65,55,374],"class_list":["post-5994","post","type-post","status-publish","format-standard","hentry","category-schuljahr-2024-2025","tag-projektwoche","tag-zirkus","tag-zirkuswoche"],"_links":{"self":[{"href":"http:\/\/www.lippe-grundschule.de\/index.php?rest_route=\/wp\/v2\/posts\/5994","targetHints":{"allow":["GET"]}}],"collection":[{"href":"http:\/\/www.lippe-grundschule.de\/index.php?rest_route=\/wp\/v2\/posts"}],"about":[{"href":"http:\/\/www.lippe-grundschule.de\/index.php?rest_route=\/wp\/v2\/types\/post"}],"author":[{"embeddable":true,"href":"http:\/\/www.lippe-grundschule.de\/index.php?rest_route=\/wp\/v2\/users\/1"}],"replies":[{"embeddable":true,"href":"http:\/\/www.lippe-grundschule.de\/index.php?rest_route=%2Fwp%2Fv2%2Fcomments&post=5994"}],"version-history":[{"count":4,"href":"http:\/\/www.lippe-grundschule.de\/index.php?rest_route=\/wp\/v2\/posts\/5994\/revisions"}],"predecessor-version":[{"id":6001,"href":"http:\/\/www.lippe-grundschule.de\/index.php?rest_route=\/wp\/v2\/posts\/5994\/revisions\/6001"}],"wp:attachment":[{"href":"http:\/\/www.lippe-grundschule.de\/index.php?rest_route=%2Fwp%2Fv2%2Fmedia&parent=5994"}],"wp:term":[{"taxonomy":"category","embeddable":true,"href":"http:\/\/www.lippe-grundschule.de\/index.php?rest_route=%2Fwp%2Fv2%2Fcategories&post=5994"},{"taxonomy":"post_tag","embeddable":true,"href":"http:\/\/www.lippe-grundschule.de\/index.php?rest_route=%2Fwp%2Fv2%2Ftags&post=5994"}],"curies":[{"name":"wp","href":"https:\/\/api.w.org\/{rel}","templated":true}]}}