{"id":6031,"date":"2025-04-11T15:26:56","date_gmt":"2025-04-11T13:26:56","guid":{"rendered":"http:\/\/www.lippe-grundschule.de\/?p=6031"},"modified":"2025-06-27T15:27:30","modified_gmt":"2025-06-27T13:27:30","slug":"baumpflanzaktion-ein-grosser-beitrag-der-4-klassen-zum-klimaschutz","status":"publish","type":"post","link":"http:\/\/www.lippe-grundschule.de\/?p=6031","title":{"rendered":"Baumpflanzaktion \u2013 ein gro\u00dfer Beitrag der 4. Klassen zum Klimaschutz"},"content":{"rendered":"\n<div class=\"wp-block-media-text is-stacked-on-mobile\"><figure class=\"wp-block-media-text__media\"><img loading=\"lazy\" decoding=\"async\" width=\"768\" height=\"1024\" src=\"http:\/\/www.lippe-grundschule.de\/wp-content\/uploads\/2025\/06\/Baum-2-768x1024.jpg\" alt=\"\" class=\"wp-image-6033 size-full\" srcset=\"http:\/\/www.lippe-grundschule.de\/wp-content\/uploads\/2025\/06\/Baum-2-768x1024.jpg 768w, http:\/\/www.lippe-grundschule.de\/wp-content\/uploads\/2025\/06\/Baum-2-225x300.jpg 225w, http:\/\/www.lippe-grundschule.de\/wp-content\/uploads\/2025\/06\/Baum-2-112x150.jpg 112w, http:\/\/www.lippe-grundschule.de\/wp-content\/uploads\/2025\/06\/Baum-2-624x832.jpg 624w, http:\/\/www.lippe-grundschule.de\/wp-content\/uploads\/2025\/06\/Baum-2-rotated.jpg 800w\" sizes=\"auto, (max-width: 768px) 100vw, 768px\" \/><\/figure><div class=\"wp-block-media-text__content\">\n<p class=\"has-medium-font-size\">Der vierte Jahrgang setzte am 10.04.2025 ein Zeichen \u2013 zum dritten Mal in Folge.<br>Ein Amberbaum wurde auf unserem Schulgel\u00e4nde gepflanzt. Die Klassen 4a und 4b waren beim Pfanzen des Baumes dabei. Sie erfuhren durch Herrn Kr\u00e4mmer vom Bauhof viel \u00fcber die Baumart und die gro\u00dfe Bedeutung der B\u00e4ume f\u00fcr unser Klima.<br><\/p>\n<\/div><\/div>\n\n\n\n<div class=\"wp-block-media-text has-media-on-the-right is-stacked-on-mobile\"><div class=\"wp-block-media-text__content\">\n<p class=\"has-medium-font-size\">Auch in den vergangenen zwei Jahren haben unsere Viertkl\u00e4ssler nachfolgenden Jahrg\u00e4ngen auf dem Schulgel\u00e4nde etwas Besonderes hinterlassen. Vor zwei Jahren wurde ein Kiribaum gepflanzt. Im letzten Jahr waren es verschiedene Beerenstr\u00e4ucher sowie S\u00e4ulenobst.<\/p>\n<\/div><figure class=\"wp-block-media-text__media\"><img loading=\"lazy\" decoding=\"async\" width=\"768\" height=\"1024\" src=\"http:\/\/www.lippe-grundschule.de\/wp-content\/uploads\/2025\/06\/Baum-1-768x1024.jpg\" alt=\"\" class=\"wp-image-6034 size-full\" srcset=\"http:\/\/www.lippe-grundschule.de\/wp-content\/uploads\/2025\/06\/Baum-1-768x1024.jpg 768w, http:\/\/www.lippe-grundschule.de\/wp-content\/uploads\/2025\/06\/Baum-1-225x300.jpg 225w, http:\/\/www.lippe-grundschule.de\/wp-content\/uploads\/2025\/06\/Baum-1-112x150.jpg 112w, http:\/\/www.lippe-grundschule.de\/wp-content\/uploads\/2025\/06\/Baum-1-624x832.jpg 624w, http:\/\/www.lippe-grundschule.de\/wp-content\/uploads\/2025\/06\/Baum-1-rotated.jpg 800w\" sizes=\"auto, (max-width: 768px) 100vw, 768px\" \/><\/figure><\/div>\n","protected":false},"excerpt":{"rendered":"<p>Der vierte Jahrgang setzte am 10.04.2025 ein Zeichen \u2013 zum dritten Mal in Folge.Ein Amberbaum wurde auf unserem Schulgel\u00e4nde gepflanzt. Die Klassen 4a und 4b waren beim Pfanzen des Baumes dabei. Sie erfuhren durch Herrn Kr\u00e4mmer vom Bauhof viel \u00fcber die Baumart und die gro\u00dfe Bedeutung der B\u00e4ume f\u00fcr unser Klima. Auch in den vergangenen [&hellip;]<\/p>\n","protected":false},"author":1,"featured_media":0,"comment_status":"closed","ping_status":"closed","sticky":false,"template":"","format":"standard","meta":{"footnotes":""},"categories":[368],"tags":[375],"class_list":["post-6031","post","type-post","status-publish","format-standard","hentry","category-schuljahr-2024-2025","tag-baumpflanzaktion"],"_links":{"self":[{"href":"http:\/\/www.lippe-grundschule.de\/index.php?rest_route=\/wp\/v2\/posts\/6031","targetHints":{"allow":["GET"]}}],"collection":[{"href":"http:\/\/www.lippe-grundschule.de\/index.php?rest_route=\/wp\/v2\/posts"}],"about":[{"href":"http:\/\/www.lippe-grundschule.de\/index.php?rest_route=\/wp\/v2\/types\/post"}],"author":[{"embeddable":true,"href":"http:\/\/www.lippe-grundschule.de\/index.php?rest_route=\/wp\/v2\/users\/1"}],"replies":[{"embeddable":true,"href":"http:\/\/www.lippe-grundschule.de\/index.php?rest_route=%2Fwp%2Fv2%2Fcomments&post=6031"}],"version-history":[{"count":2,"href":"http:\/\/www.lippe-grundschule.de\/index.php?rest_route=\/wp\/v2\/posts\/6031\/revisions"}],"predecessor-version":[{"id":6035,"href":"http:\/\/www.lippe-grundschule.de\/index.php?rest_route=\/wp\/v2\/posts\/6031\/revisions\/6035"}],"wp:attachment":[{"href":"http:\/\/www.lippe-grundschule.de\/index.php?rest_route=%2Fwp%2Fv2%2Fmedia&parent=6031"}],"wp:term":[{"taxonomy":"category","embeddable":true,"href":"http:\/\/www.lippe-grundschule.de\/index.php?rest_route=%2Fwp%2Fv2%2Fcategories&post=6031"},{"taxonomy":"post_tag","embeddable":true,"href":"http:\/\/www.lippe-grundschule.de\/index.php?rest_route=%2Fwp%2Fv2%2Ftags&post=6031"}],"curies":[{"name":"wp","href":"https:\/\/api.w.org\/{rel}","templated":true}]}}