{"id":6036,"date":"2025-06-27T15:34:32","date_gmt":"2025-06-27T13:34:32","guid":{"rendered":"http:\/\/www.lippe-grundschule.de\/?p=6036"},"modified":"2025-06-27T15:34:32","modified_gmt":"2025-06-27T13:34:32","slug":"buechertauschschrank-jetzt-gehts-los","status":"publish","type":"post","link":"http:\/\/www.lippe-grundschule.de\/?p=6036","title":{"rendered":"B\u00fcchertauschschrank \u2013 jetzt geht\u2019s los!"},"content":{"rendered":"\n<figure class=\"wp-block-image size-full\"><img loading=\"lazy\" decoding=\"async\" width=\"1000\" height=\"750\" src=\"http:\/\/www.lippe-grundschule.de\/wp-content\/uploads\/2025\/06\/Buecher-1-2.jpg\" alt=\"\" class=\"wp-image-6040\" srcset=\"http:\/\/www.lippe-grundschule.de\/wp-content\/uploads\/2025\/06\/Buecher-1-2.jpg 1000w, http:\/\/www.lippe-grundschule.de\/wp-content\/uploads\/2025\/06\/Buecher-1-2-300x225.jpg 300w, http:\/\/www.lippe-grundschule.de\/wp-content\/uploads\/2025\/06\/Buecher-1-2-150x113.jpg 150w, http:\/\/www.lippe-grundschule.de\/wp-content\/uploads\/2025\/06\/Buecher-1-2-624x468.jpg 624w\" sizes=\"auto, (max-width: 1000px) 100vw, 1000px\" \/><\/figure>\n\n\n\n<p class=\"has-medium-font-size\">Unter dem Motto \u201eStell eins rein \u2013 nimm eins mit!\u201c k\u00f6nnen die Kinder unserer Schule untereinander B\u00fccher tauschen. Als unser ganz aktuelles Projekt zur F\u00f6rderung der Nachhaltigkeit wurde die B\u00fcchertauschecke liebevoll eingerichtet und kann nun zu bestimmten Zeiten im Schulalltag genutzt werden.<\/p>\n\n\n\n<div class=\"wp-block-media-text has-media-on-the-right is-stacked-on-mobile\"><div class=\"wp-block-media-text__content\">\n<p class=\"has-medium-font-size\"><br>Bei allen, die in den letzten Wochen B\u00fccher gespendet haben, bedanken sich die VertreterInnen des Sch\u00fclerparlaments sehr herzlich!<\/p>\n<\/div><figure class=\"wp-block-media-text__media\"><img loading=\"lazy\" decoding=\"async\" width=\"1000\" height=\"750\" src=\"http:\/\/www.lippe-grundschule.de\/wp-content\/uploads\/2025\/06\/Buecher-2.jpg\" alt=\"\" class=\"wp-image-6038 size-full\" srcset=\"http:\/\/www.lippe-grundschule.de\/wp-content\/uploads\/2025\/06\/Buecher-2.jpg 1000w, http:\/\/www.lippe-grundschule.de\/wp-content\/uploads\/2025\/06\/Buecher-2-300x225.jpg 300w, http:\/\/www.lippe-grundschule.de\/wp-content\/uploads\/2025\/06\/Buecher-2-150x113.jpg 150w, http:\/\/www.lippe-grundschule.de\/wp-content\/uploads\/2025\/06\/Buecher-2-624x468.jpg 624w\" sizes=\"auto, (max-width: 1000px) 100vw, 1000px\" \/><\/figure><\/div>\n","protected":false},"excerpt":{"rendered":"<p>Unter dem Motto \u201eStell eins rein \u2013 nimm eins mit!\u201c k\u00f6nnen die Kinder unserer Schule untereinander B\u00fccher tauschen. Als unser ganz aktuelles Projekt zur F\u00f6rderung der Nachhaltigkeit wurde die B\u00fcchertauschecke liebevoll eingerichtet und kann nun zu bestimmten Zeiten im Schulalltag genutzt werden. Bei allen, die in den letzten Wochen B\u00fccher gespendet haben, bedanken sich die [&hellip;]<\/p>\n","protected":false},"author":1,"featured_media":0,"comment_status":"closed","ping_status":"closed","sticky":false,"template":"","format":"standard","meta":{"footnotes":""},"categories":[368],"tags":[376,377],"class_list":["post-6036","post","type-post","status-publish","format-standard","hentry","category-schuljahr-2024-2025","tag-buechertausch","tag-buechertauschschrank"],"_links":{"self":[{"href":"http:\/\/www.lippe-grundschule.de\/index.php?rest_route=\/wp\/v2\/posts\/6036","targetHints":{"allow":["GET"]}}],"collection":[{"href":"http:\/\/www.lippe-grundschule.de\/index.php?rest_route=\/wp\/v2\/posts"}],"about":[{"href":"http:\/\/www.lippe-grundschule.de\/index.php?rest_route=\/wp\/v2\/types\/post"}],"author":[{"embeddable":true,"href":"http:\/\/www.lippe-grundschule.de\/index.php?rest_route=\/wp\/v2\/users\/1"}],"replies":[{"embeddable":true,"href":"http:\/\/www.lippe-grundschule.de\/index.php?rest_route=%2Fwp%2Fv2%2Fcomments&post=6036"}],"version-history":[{"count":1,"href":"http:\/\/www.lippe-grundschule.de\/index.php?rest_route=\/wp\/v2\/posts\/6036\/revisions"}],"predecessor-version":[{"id":6041,"href":"http:\/\/www.lippe-grundschule.de\/index.php?rest_route=\/wp\/v2\/posts\/6036\/revisions\/6041"}],"wp:attachment":[{"href":"http:\/\/www.lippe-grundschule.de\/index.php?rest_route=%2Fwp%2Fv2%2Fmedia&parent=6036"}],"wp:term":[{"taxonomy":"category","embeddable":true,"href":"http:\/\/www.lippe-grundschule.de\/index.php?rest_route=%2Fwp%2Fv2%2Fcategories&post=6036"},{"taxonomy":"post_tag","embeddable":true,"href":"http:\/\/www.lippe-grundschule.de\/index.php?rest_route=%2Fwp%2Fv2%2Ftags&post=6036"}],"curies":[{"name":"wp","href":"https:\/\/api.w.org\/{rel}","templated":true}]}}