{"id":6060,"date":"2025-10-28T17:41:24","date_gmt":"2025-10-28T16:41:24","guid":{"rendered":"http:\/\/www.lippe-grundschule.de\/?p=6060"},"modified":"2025-10-28T17:41:24","modified_gmt":"2025-10-28T16:41:24","slug":"jeden-monat-ein-tag-ohne-plastikmuell","status":"publish","type":"post","link":"http:\/\/www.lippe-grundschule.de\/?p=6060","title":{"rendered":"Jeden Monat ein Tag ohne Plastikm\u00fcll"},"content":{"rendered":"\n<p style=\"font-size:16px\">Liebe Eltern und Erziehungsberechtigte unserer Sch\u00fclerinnen und Sch\u00fcler, schon im September haben wir an unserer Lippe-Grundschule den Startschuss f\u00fcr ein wichtiges Vorhaben gegeben: Einmal im Monat m\u00f6chten wir mit unseren Sch\u00fclerinnen und Sch\u00fclern einen Tag ganz ohne Plastik und Verpackungsm\u00fcll gestalten und so den Kindern zeigen, wie einfach nachhaltiges Handeln im Alltag sein kann. Der n\u00e4chste <strong>\u201ePlastikm\u00fcllfreie Tag\u201c<\/strong> findet statt am <strong>Freitag, den 31.10.2025.<\/strong><\/p>\n","protected":false},"excerpt":{"rendered":"<p>Liebe Eltern und Erziehungsberechtigte unserer Sch\u00fclerinnen und Sch\u00fcler, schon im September haben wir an unserer Lippe-Grundschule den Startschuss f\u00fcr ein wichtiges Vorhaben gegeben: Einmal im Monat m\u00f6chten wir mit unseren Sch\u00fclerinnen und Sch\u00fclern einen Tag ganz ohne Plastik und Verpackungsm\u00fcll gestalten und so den Kindern zeigen, wie einfach nachhaltiges Handeln im Alltag sein kann. Der [&hellip;]<\/p>\n","protected":false},"author":1,"featured_media":0,"comment_status":"closed","ping_status":"closed","sticky":false,"template":"","format":"standard","meta":{"footnotes":""},"categories":[378],"tags":[],"class_list":["post-6060","post","type-post","status-publish","format-standard","hentry","category-2025-2026"],"_links":{"self":[{"href":"http:\/\/www.lippe-grundschule.de\/index.php?rest_route=\/wp\/v2\/posts\/6060","targetHints":{"allow":["GET"]}}],"collection":[{"href":"http:\/\/www.lippe-grundschule.de\/index.php?rest_route=\/wp\/v2\/posts"}],"about":[{"href":"http:\/\/www.lippe-grundschule.de\/index.php?rest_route=\/wp\/v2\/types\/post"}],"author":[{"embeddable":true,"href":"http:\/\/www.lippe-grundschule.de\/index.php?rest_route=\/wp\/v2\/users\/1"}],"replies":[{"embeddable":true,"href":"http:\/\/www.lippe-grundschule.de\/index.php?rest_route=%2Fwp%2Fv2%2Fcomments&post=6060"}],"version-history":[{"count":1,"href":"http:\/\/www.lippe-grundschule.de\/index.php?rest_route=\/wp\/v2\/posts\/6060\/revisions"}],"predecessor-version":[{"id":6061,"href":"http:\/\/www.lippe-grundschule.de\/index.php?rest_route=\/wp\/v2\/posts\/6060\/revisions\/6061"}],"wp:attachment":[{"href":"http:\/\/www.lippe-grundschule.de\/index.php?rest_route=%2Fwp%2Fv2%2Fmedia&parent=6060"}],"wp:term":[{"taxonomy":"category","embeddable":true,"href":"http:\/\/www.lippe-grundschule.de\/index.php?rest_route=%2Fwp%2Fv2%2Fcategories&post=6060"},{"taxonomy":"post_tag","embeddable":true,"href":"http:\/\/www.lippe-grundschule.de\/index.php?rest_route=%2Fwp%2Fv2%2Ftags&post=6060"}],"curies":[{"name":"wp","href":"https:\/\/api.w.org\/{rel}","templated":true}]}}