{"id":6136,"date":"2026-04-22T12:40:44","date_gmt":"2026-04-22T10:40:44","guid":{"rendered":"http:\/\/www.lippe-grundschule.de\/?p=6136"},"modified":"2026-04-22T12:40:44","modified_gmt":"2026-04-22T10:40:44","slug":"welttag-des-buches-2026-der-fliegende-klassenscooter","status":"publish","type":"post","link":"http:\/\/www.lippe-grundschule.de\/?p=6136","title":{"rendered":"Welttag des Buches 2026 &#8211; &#8218;Der fliegende Klassenscooter&#8216;"},"content":{"rendered":"\n<div class=\"wp-block-media-text is-stacked-on-mobile\"><figure class=\"wp-block-media-text__media\"><img loading=\"lazy\" decoding=\"async\" width=\"841\" height=\"1024\" src=\"http:\/\/www.lippe-grundschule.de\/wp-content\/uploads\/2026\/04\/Buecherturm-3-841x1024.jpg\" alt=\"\" class=\"wp-image-6137 size-full\" srcset=\"http:\/\/www.lippe-grundschule.de\/wp-content\/uploads\/2026\/04\/Buecherturm-3-841x1024.jpg 841w, http:\/\/www.lippe-grundschule.de\/wp-content\/uploads\/2026\/04\/Buecherturm-3-246x300.jpg 246w, http:\/\/www.lippe-grundschule.de\/wp-content\/uploads\/2026\/04\/Buecherturm-3-123x150.jpg 123w, http:\/\/www.lippe-grundschule.de\/wp-content\/uploads\/2026\/04\/Buecherturm-3-1261x1536.jpg 1261w, http:\/\/www.lippe-grundschule.de\/wp-content\/uploads\/2026\/04\/Buecherturm-3-1681x2048.jpg 1681w, http:\/\/www.lippe-grundschule.de\/wp-content\/uploads\/2026\/04\/Buecherturm-3-624x760.jpg 624w, http:\/\/www.lippe-grundschule.de\/wp-content\/uploads\/2026\/04\/Buecherturm-3.jpg 1922w\" sizes=\"auto, (max-width: 841px) 100vw, 841px\" \/><\/figure><div class=\"wp-block-media-text__content\">\n<p style=\"font-size:16px\">Gemeinsam mit rund 3.000 Buchhandlungen in ganz Deutschland verschenkt die Buchhandlung<br>&#8222;B\u00fccherturm&#8220; aus Delbr\u00fcck rund um den UNESCO-Welttag des Buches am 23. April \u00fcber 1,1 Millionen B\u00fccher<br>an Viert- und F\u00fcnftkl\u00e4ssler*innen sowie F\u00f6rder- und Willkommensschulkinder.<br>Der Klassenlehrer der 4b, Herr Dierkes, nahm die B\u00fccher stellvertretend f\u00fcr die Kinder des 4. Jahrgangs am 22. April in Empfang. <\/p>\n<\/div><\/div>\n\n\n\n<div class=\"wp-block-media-text has-media-on-the-right is-stacked-on-mobile\"><div class=\"wp-block-media-text__content\">\n<p style=\"font-size:16px\">So k\u00f6nnen die B\u00fccher p\u00fcnktlich zum Welttag des Buches am 23. April an die Kinder \u00fcbergeben werden.<\/p>\n\n\n\n<p style=\"font-size:16px\">Ein herzliches &#8222;Danke&#8220; gilt Frau Westerhorstmann von der Buchhandlung &#8222;B\u00fccherturm&#8220;, am Kirchplatz 4 in Delbr\u00fcck.<\/p>\n<\/div><figure class=\"wp-block-media-text__media\"><img loading=\"lazy\" decoding=\"async\" width=\"1000\" height=\"667\" src=\"http:\/\/www.lippe-grundschule.de\/wp-content\/uploads\/2026\/04\/WTB_Medienbild_6__c__Stiftung_Lesen_Alexander_Sell_Die_Welle.jpg\" alt=\"\" class=\"wp-image-6138 size-full\" srcset=\"http:\/\/www.lippe-grundschule.de\/wp-content\/uploads\/2026\/04\/WTB_Medienbild_6__c__Stiftung_Lesen_Alexander_Sell_Die_Welle.jpg 1000w, http:\/\/www.lippe-grundschule.de\/wp-content\/uploads\/2026\/04\/WTB_Medienbild_6__c__Stiftung_Lesen_Alexander_Sell_Die_Welle-300x200.jpg 300w, http:\/\/www.lippe-grundschule.de\/wp-content\/uploads\/2026\/04\/WTB_Medienbild_6__c__Stiftung_Lesen_Alexander_Sell_Die_Welle-150x100.jpg 150w, http:\/\/www.lippe-grundschule.de\/wp-content\/uploads\/2026\/04\/WTB_Medienbild_6__c__Stiftung_Lesen_Alexander_Sell_Die_Welle-624x416.jpg 624w\" sizes=\"auto, (max-width: 1000px) 100vw, 1000px\" \/><\/figure><\/div>\n\n\n\n<p><\/p>\n","protected":false},"excerpt":{"rendered":"<p>Gemeinsam mit rund 3.000 Buchhandlungen in ganz Deutschland verschenkt die Buchhandlung&#8222;B\u00fccherturm&#8220; aus Delbr\u00fcck rund um den UNESCO-Welttag des Buches am 23. April \u00fcber 1,1 Millionen B\u00fccheran Viert- und F\u00fcnftkl\u00e4ssler*innen sowie F\u00f6rder- und Willkommensschulkinder.Der Klassenlehrer der 4b, Herr Dierkes, nahm die B\u00fccher stellvertretend f\u00fcr die Kinder des 4. Jahrgangs am 22. April in Empfang. So k\u00f6nnen [&hellip;]<\/p>\n","protected":false},"author":1,"featured_media":0,"comment_status":"closed","ping_status":"closed","sticky":false,"template":"","format":"standard","meta":{"footnotes":""},"categories":[378],"tags":[193],"class_list":["post-6136","post","type-post","status-publish","format-standard","hentry","category-2025-2026","tag-welttag-des-buches"],"_links":{"self":[{"href":"http:\/\/www.lippe-grundschule.de\/index.php?rest_route=\/wp\/v2\/posts\/6136","targetHints":{"allow":["GET"]}}],"collection":[{"href":"http:\/\/www.lippe-grundschule.de\/index.php?rest_route=\/wp\/v2\/posts"}],"about":[{"href":"http:\/\/www.lippe-grundschule.de\/index.php?rest_route=\/wp\/v2\/types\/post"}],"author":[{"embeddable":true,"href":"http:\/\/www.lippe-grundschule.de\/index.php?rest_route=\/wp\/v2\/users\/1"}],"replies":[{"embeddable":true,"href":"http:\/\/www.lippe-grundschule.de\/index.php?rest_route=%2Fwp%2Fv2%2Fcomments&post=6136"}],"version-history":[{"count":3,"href":"http:\/\/www.lippe-grundschule.de\/index.php?rest_route=\/wp\/v2\/posts\/6136\/revisions"}],"predecessor-version":[{"id":6141,"href":"http:\/\/www.lippe-grundschule.de\/index.php?rest_route=\/wp\/v2\/posts\/6136\/revisions\/6141"}],"wp:attachment":[{"href":"http:\/\/www.lippe-grundschule.de\/index.php?rest_route=%2Fwp%2Fv2%2Fmedia&parent=6136"}],"wp:term":[{"taxonomy":"category","embeddable":true,"href":"http:\/\/www.lippe-grundschule.de\/index.php?rest_route=%2Fwp%2Fv2%2Fcategories&post=6136"},{"taxonomy":"post_tag","embeddable":true,"href":"http:\/\/www.lippe-grundschule.de\/index.php?rest_route=%2Fwp%2Fv2%2Ftags&post=6136"}],"curies":[{"name":"wp","href":"https:\/\/api.w.org\/{rel}","templated":true}]}}